{"id":63143,"date":"2025-12-14T18:00:38","date_gmt":"2025-12-14T16:00:38","guid":{"rendered":"https:\/\/edublog.educastur.es\/ixuxu\/?p=63143"},"modified":"2025-12-11T19:34:00","modified_gmt":"2025-12-11T17:34:00","slug":"63143","status":"publish","type":"post","link":"https:\/\/edublog.educastur.es\/ixuxu\/2025\/12\/63143\/","title":{"rendered":""},"content":{"rendered":"<p style=\"text-align: center\"><span style=\"color: #800080\"><strong><em><span style=\"font-size: 28px\">La mio propia conocencia <\/span><\/em><\/strong><\/span><br \/>\n<span style=\"color: #800080\"><strong><em><span style=\"font-size: 28px\">ye l&#8217;\u00fanicu y la m\u00e1xima ayalga que tengo.<\/span><\/em><\/strong><\/span><\/p>\n<p style=\"text-align: center\"><span style=\"color: #800080\"><strong><em><span style=\"font-size: 28px\"> Ciertu que ye infinitamente pequenu y fr\u00e1xil <\/span><\/em><\/strong><\/span><br \/>\n<span style=\"color: #800080\"><strong><em><span style=\"font-size: 28px\">\u00e9nte&#8217;l poder de les tiniebles,<\/span><\/em><\/strong><\/span><br \/>\n<span style=\"color: #800080\"><strong><em><span style=\"font-size: 28px\"> pero una lluz a lo \u00faltimo. <\/span><\/em><\/strong><\/span><br \/>\n<span style=\"color: #800080\"><strong><em><span style=\"font-size: 28px\">La mio propia lluz.<\/span><\/em><\/strong><\/span><\/p>\n<p style=\"text-align: center\">Carl Gustav Jung<\/p>\n","protected":false},"excerpt":{"rendered":"<p>La mio propia conocencia ye l&#8217;\u00fanicu y la m\u00e1xima ayalga que tengo. Ciertu que ye infinitamente pequenu y fr\u00e1xil \u00e9nte&#8217;l poder de les tiniebles, pero una lluz a lo \u00faltimo. La mio propia lluz. Carl Gustav Jung<\/p>\n","protected":false},"author":117,"featured_media":0,"comment_status":"closed","ping_status":"closed","sticky":false,"template":"","format":"quote","meta":{"footnotes":""},"categories":[1],"tags":[],"class_list":["post-63143","post","type-post","status-publish","format-quote","hentry","category-sin-categoria","post_format-post-format-quote"],"_links":{"self":[{"href":"https:\/\/edublog.educastur.es\/ixuxu\/wp-json\/wp\/v2\/posts\/63143","targetHints":{"allow":["GET"]}}],"collection":[{"href":"https:\/\/edublog.educastur.es\/ixuxu\/wp-json\/wp\/v2\/posts"}],"about":[{"href":"https:\/\/edublog.educastur.es\/ixuxu\/wp-json\/wp\/v2\/types\/post"}],"author":[{"embeddable":true,"href":"https:\/\/edublog.educastur.es\/ixuxu\/wp-json\/wp\/v2\/users\/117"}],"replies":[{"embeddable":true,"href":"https:\/\/edublog.educastur.es\/ixuxu\/wp-json\/wp\/v2\/comments?post=63143"}],"version-history":[{"count":3,"href":"https:\/\/edublog.educastur.es\/ixuxu\/wp-json\/wp\/v2\/posts\/63143\/revisions"}],"predecessor-version":[{"id":63469,"href":"https:\/\/edublog.educastur.es\/ixuxu\/wp-json\/wp\/v2\/posts\/63143\/revisions\/63469"}],"wp:attachment":[{"href":"https:\/\/edublog.educastur.es\/ixuxu\/wp-json\/wp\/v2\/media?parent=63143"}],"wp:term":[{"taxonomy":"category","embeddable":true,"href":"https:\/\/edublog.educastur.es\/ixuxu\/wp-json\/wp\/v2\/categories?post=63143"},{"taxonomy":"post_tag","embeddable":true,"href":"https:\/\/edublog.educastur.es\/ixuxu\/wp-json\/wp\/v2\/tags?post=63143"}],"curies":[{"name":"wp","href":"https:\/\/api.w.org\/{rel}","templated":true}]}}