{"id":63147,"date":"2025-12-07T17:53:37","date_gmt":"2025-12-07T15:53:37","guid":{"rendered":"https:\/\/edublog.educastur.es\/ixuxu\/?p=63147"},"modified":"2025-12-07T22:02:40","modified_gmt":"2025-12-07T20:02:40","slug":"sidros-con-alma-de-muyer-en-valdesoto-siero","status":"publish","type":"post","link":"https:\/\/edublog.educastur.es\/ixuxu\/2025\/12\/sidros-con-alma-de-muyer-en-valdesoto-siero\/","title":{"rendered":"Sidros con alma de muyer en Valdesoto (Siero)"},"content":{"rendered":"<p><a href=\"https:\/\/www.lne.es\/siero\/2025\/12\/01\/sidros-alma-mujer-valdesoto-papel-124287758.html?utm_content=imagen&amp;utm_medium=social&amp;utm_campaign=echobox&amp;utm_source=Facebook&amp;fbclid=IwY2xjawOiujdleHRuA2FlbQIxMABicmlkETFPc1piNUg3Qk1ERnQ3aGxCc3J0YwZhcHBfaWQQMjIyMDM5MTc4ODIwMDg5MgABHlXLImgmJOhEW_BUaNQkOFT_GrFXbpibdXipTB3R8-meg8OI8yjtJqdiUrjw_aem_ckfNyYus9He4rbIQDwZYtA#Echobox=1764579629\">LNE<\/a> \/ Sidros con alma de muyer en Valdesoto: \u00abFaemos el nuesu papel dende&#8217;l mayor de los respetos a la tradici\u00f3n\u00bb. Cuatro moces de Valdesoto p\u00f3nense&#8217;l traxe del personaxe m\u00e1s representativu de la parroquia sierense qu&#8217;hasta va pocos a\u00f1os solo s&#8217;enfundaban homes.<\/p>\n<p style=\"text-align: center\"><a href=\"https:\/\/estaticos-cdn.prensaiberica.es\/clip\/4e39752d-a68b-4c0d-97c5-5904f171a9e6_16-9-discover-aspect-ratio_default_0.webp\"><img loading=\"lazy\" decoding=\"async\" class=\"aligncenter size-large\" src=\"https:\/\/estaticos-cdn.prensaiberica.es\/clip\/4e39752d-a68b-4c0d-97c5-5904f171a9e6_16-9-discover-aspect-ratio_default_0.webp\" width=\"1200\" height=\"675\" \/><\/a><\/p>\n<figure class=\"ft-img\" data-aida-image=\"\"><figcaption data-aida-caption=\"\">\n<p class=\"ft-helper-fontColor-quaternary ft-helper-fontSize-body-S ft-helper-spacer-t-xxs\">Pola izquierda, Isabel L\u00f3pez, Olaya Berm\u00fadez, Cristina Garc\u00eda y Paula Moro, con la melena de sidro, en Valdesoto. <span class=\"ft-helper-fontWeight-800 ft-helper-text-transform-uppercase\" data-aida-captionauthor=\"\">\/ L. R. <a href=\"https:\/\/www.lne.es\/fotos\/siero\/2023\/01\/08\/imagenes-sidros-les-comedies-valdesoto-80849940.html\">Semeyes<\/a><\/span><\/p>\n<\/figcaption><\/figure>\n<p><!--more--><\/p>\n<p>\u00abYo ten\u00eda siete a\u00f1os cuando la tradici\u00f3n de los Sidros y Comedies recuperarense en Valdesoto\u00bb, recuerda Cristina Garc\u00eda, una moza que vive en Pola de Siero anque los sos raiga\u00f1os t\u00e1n venceyaes a la parroquia sierense. Dende peque\u00f1a, Garc\u00eda v\u00eda como \u00abla mio madre vist\u00edase de dama, mientres el mio padre y los mios amigos del pueblu vist\u00eden de sidru, pero a mi nun me dexaben\u00bb. Ent\u00f3s daquella, nun entend\u00eda&#8217;l porqu\u00e9, pero seg\u00fan foi creciendo, \u00abfui arreyando cabos y di cuenta de que yera, a cencielles, pol fechu de ser muyer\u00bb.<\/p>\n<p>Tres munchos a\u00f1os engarrando, la primer vegada que la moza tuvo oportunid\u00e1 d&#8217;enfundarse la melena de piel d&#8217;oveya foi en 2019, \u00aby nun foi en mesmu d\u00eda de los Sidros y Comedies, sin\u00f3n nun viaxe que fiximos a Viana do Bolu, en Orense\u00bb. Seg\u00fan cuenta,<strong> \u00abacab\u00e1bamos de ser declaraos Bien d&#8217;Inter\u00e9s Cultural (BIC)<\/strong> y, esi a\u00f1u, fiximos una comedia un pocu feminista (con un testu de Jos\u00e9 Ram\u00f3n Oliva) na que reivindic\u00e1bamos el respetu a les tradiciones y respetando la iguald\u00e1 ente muyeres y varones, y, a lo \u00faltimo dex\u00e1ronme vistime\u00bb.<\/p>\n<p>Cristina Garc\u00eda foi la primer muyer sidru de la hestoria y abri\u00f3 un cam\u00edn, non ensin enforma engarrar, para munches de les que depu\u00e9s vinieron detr\u00e1s.<\/p>\n<p>\u00abEsactamente lo mesmo\u00bb<br \/>\nAngua\u00f1o, al pie de Cristina Garc\u00eda, ente les moces qu&#8217;encarnen esti personaxe deles mazcaraes, t\u00e1n tami\u00e9n Olaya Berm\u00fadez ya Isabel L\u00f3pez, dambes de dieciocho a\u00f1os, y Paula Moru de 19, qu&#8217;empezaron nel desfile de G\u00fcevos Pintos de la Pola del a\u00f1u 2023. \u00abTami\u00e9n t\u00e1n les hermanes Ana y Andrea D\u00edaz, Nayara S\u00e1nchez, y les peque\u00f1es Ana y Llara, anque dalgunes d&#8217;elles va tiempu que nun se visti\u00bb, a\u00f1eden.<\/p>\n<p>Les m\u00e1s nueves aseguren que de peque\u00f1es nos daben un pocu de mieu, pero cuando empezamos coles comedies nel colexu foi picar l&#8217;inter\u00e9s\u00bb. Moru, pela so parte, nun ten\u00eda a naide na so familia vencey\u00e1u a esta tradici\u00f3n, pero tanto ella como Cristina Garc\u00eda espliquen que \u00abpa n\u00f3s, yera&#8217;l personaxe m\u00e1s vivu, el m\u00e1s representativu, y quer\u00edamos probar\u00bb.<\/p>\n<p>Nenguna d&#8217;elles pide un tratu de favor, nin tocantes a el llabor que desempe\u00f1en los sidros dientro de la tradici\u00f3n de Valdesoto nin tampoco tocantes a la vestimienta. \u00abFaemos esactamente lo mesmo que los varones y, cuando ponemos el traxe, naide ser\u00eda capaz d&#8217;estremanos o se\u00f1alanos como muyeres\u00bb.<\/p>\n<p><strong>El respetu como clave<\/strong> Los padres de Cristina Garc\u00eda pertenecieron al grupu de persones que recuperaron la tradici\u00f3n de los Sidros y Les Comedies en Valdesoto. \u00abYo llevo mam\u00e1ndolo dende peque\u00f1a\u00bb, diz. Al igual que&#8217;l restu de les sos compa\u00f1eres. Am\u00e1s, toes elles participen nes respresentaciones que se faen nel campu de la ilesia de San F\u00e9lix de Valdesoto el primer domingu dempu\u00e9s de Reyes. Ye por eso que cuando se-yos pregunta qu\u00e9 sienten al enfundarse el traxe de sidru, toes coinciden al un\u00edsonu:<strong> \u00abRespetu\u00bb.<\/strong> Nun quieren ser nin m\u00e1s nin menos que los varones. Solo quieren ser iguales. Porque la tradici\u00f3n \u00abnun tien por qu\u00e9 tar re\u00f1ida cola iguald\u00e1\u00bb.<\/p>\n<p>Utilicen esactamente&#8217;l mesmu traxi que&#8217;l restu de los sos compa\u00f1eros. \u00abCuando empec\u00e9 dix\u00e9ronme que me punxera unos vaqueros, pero me negu\u00e9 y dixi que yo me pon\u00eda los pantalones del mio padre\u00bb, recuerda Garc\u00eda. Con tou, s\u00ed que tienen dellos trucos que \u00abfuimos perfeccionando a lo llargo d&#8217;esti tiempu\u00bb.<\/p>\n<p style=\"text-align: center\"><a href=\"https:\/\/estaticos-cdn.prensaiberica.es\/clip\/40b9b283-4998-4aae-9f8c-78cfcc879641_source-aspect-ratio_default_0.jpg\"><img loading=\"lazy\" decoding=\"async\" class=\"aligncenter size-large\" src=\"https:\/\/estaticos-cdn.prensaiberica.es\/clip\/40b9b283-4998-4aae-9f8c-78cfcc879641_source-aspect-ratio_default_0.jpg\" width=\"2000\" height=\"1333\" \/><\/a><\/p>\n<p><strong>El traxe de sidru componse de pantal\u00f3n y camisa blanca, faxa colorada, petrina de tosquiles, polainas negres, m\u00e1zcara de tela colorao y la melena de piel d&#8217;oveya, rematada con un rabu de raposu.<\/strong> Y, qu\u00e9 tanto, el palu d&#8217;ablanar pa saltar. \u00abLa faxa \u00fasase principalmente por que la petrina coles llueques nun te faiga da\u00f1u\u00bb, espliquen. \u00abN\u00f3s tenemos cadriles, asina que tenemos que ponelo un pocu m\u00e1s embaxo qu&#8217;un home por que nos quede apert\u00e1u y nun nos caya\u00bb, indiquen.<\/p>\n<p>Am\u00e1s, la melena va afitada con un cascu que lleva nel interior. \u00abDalgunes de n\u00f3s vamos heredando los de los m\u00e1s pequenos, porque los otros qu\u00e9dennos un pocu grandes\u00bb, pero aun as\u00ed, \u00abnos apa\u00f1amos colo qu&#8217;haya\u00bb..<\/p>\n<div class=\"ft-mol-writer ft-mol-writer--side\">\n<div class=\"ft-mol-writer__item\">\n<div class=\"ft-mol-writer__title\" style=\"text-align: center\"><a href=\"https:\/\/estaticos-cdn.prensaiberica.es\/clip\/8bc3e978-1050-4b04-8fbf-6f9d870a1a12_source-aspect-ratio_default_0.jpg\"><img loading=\"lazy\" decoding=\"async\" class=\"aligncenter size-large\" src=\"https:\/\/estaticos-cdn.prensaiberica.es\/clip\/8bc3e978-1050-4b04-8fbf-6f9d870a1a12_source-aspect-ratio_default_0.jpg\" width=\"2000\" height=\"1333\" \/><\/a><\/div>\n<\/div>\n<\/div>\n<p>&nbsp;<\/p>\n<p style=\"text-align: center\"><a href=\"https:\/\/estaticos-cdn.prensaiberica.es\/clip\/8f7ab0d8-8d9b-4e90-b2b5-bc437d742268_source-aspect-ratio_default_0.jpg\"><img loading=\"lazy\" decoding=\"async\" class=\"aligncenter size-large\" src=\"https:\/\/estaticos-cdn.prensaiberica.es\/clip\/8f7ab0d8-8d9b-4e90-b2b5-bc437d742268_source-aspect-ratio_default_0.jpg\" width=\"2000\" height=\"1333\" \/><\/a><\/p>\n<p style=\"text-align: center\"><a href=\"https:\/\/estaticos-cdn.prensaiberica.es\/clip\/9776a945-821f-4da9-acc7-d93a61191a31_source-aspect-ratio_default_0.jpg\"><img loading=\"lazy\" decoding=\"async\" class=\"aligncenter size-large\" src=\"https:\/\/estaticos-cdn.prensaiberica.es\/clip\/9776a945-821f-4da9-acc7-d93a61191a31_source-aspect-ratio_default_0.jpg\" width=\"2000\" height=\"1333\" \/><\/a><\/p>\n","protected":false},"excerpt":{"rendered":"<p>LNE \/ Sidros con alma de muyer en Valdesoto: \u00abFaemos el nuesu papel dende&#8217;l mayor de los respetos a la tradici\u00f3n\u00bb. Cuatro moces de Valdesoto p\u00f3nense&#8217;l traxe del personaxe m\u00e1s representativu de la parroquia sierense qu&#8217;hasta va pocos a\u00f1os solo s&#8217;enfundaban homes. Pola izquierda, Isabel L\u00f3pez, Olaya Berm\u00fadez, Cristina Garc\u00eda y Paula Moro, con la [&hellip;]<\/p>\n","protected":false},"author":117,"featured_media":0,"comment_status":"closed","ping_status":"closed","sticky":false,"template":"","format":"standard","meta":{"footnotes":""},"categories":[103],"tags":[],"class_list":["post-63147","post","type-post","status-publish","format-standard","hentry","category-mazcaraes"],"_links":{"self":[{"href":"https:\/\/edublog.educastur.es\/ixuxu\/wp-json\/wp\/v2\/posts\/63147","targetHints":{"allow":["GET"]}}],"collection":[{"href":"https:\/\/edublog.educastur.es\/ixuxu\/wp-json\/wp\/v2\/posts"}],"about":[{"href":"https:\/\/edublog.educastur.es\/ixuxu\/wp-json\/wp\/v2\/types\/post"}],"author":[{"embeddable":true,"href":"https:\/\/edublog.educastur.es\/ixuxu\/wp-json\/wp\/v2\/users\/117"}],"replies":[{"embeddable":true,"href":"https:\/\/edublog.educastur.es\/ixuxu\/wp-json\/wp\/v2\/comments?post=63147"}],"version-history":[{"count":6,"href":"https:\/\/edublog.educastur.es\/ixuxu\/wp-json\/wp\/v2\/posts\/63147\/revisions"}],"predecessor-version":[{"id":63153,"href":"https:\/\/edublog.educastur.es\/ixuxu\/wp-json\/wp\/v2\/posts\/63147\/revisions\/63153"}],"wp:attachment":[{"href":"https:\/\/edublog.educastur.es\/ixuxu\/wp-json\/wp\/v2\/media?parent=63147"}],"wp:term":[{"taxonomy":"category","embeddable":true,"href":"https:\/\/edublog.educastur.es\/ixuxu\/wp-json\/wp\/v2\/categories?post=63147"},{"taxonomy":"post_tag","embeddable":true,"href":"https:\/\/edublog.educastur.es\/ixuxu\/wp-json\/wp\/v2\/tags?post=63147"}],"curies":[{"name":"wp","href":"https:\/\/api.w.org\/{rel}","templated":true}]}}