{"id":63175,"date":"2025-12-08T08:30:19","date_gmt":"2025-12-08T06:30:19","guid":{"rendered":"https:\/\/edublog.educastur.es\/ixuxu\/?p=63175"},"modified":"2025-12-08T12:28:40","modified_gmt":"2025-12-08T10:28:40","slug":"el-tiempu-el-comercio-204","status":"publish","type":"post","link":"https:\/\/edublog.educastur.es\/ixuxu\/2025\/12\/el-tiempu-el-comercio-204\/","title":{"rendered":"El tiempu (El Comercio)"},"content":{"rendered":"<p style=\"text-align: center\"><a href=\"https:\/\/s1.ppllstatics.com\/elcomercio\/www\/multimedia\/2025\/12\/06\/tiempo-asturias-domingo-7-diciembre-kX0H-U2302588077118HVD-1200x870@El%20Comercio.jpg\"><img loading=\"lazy\" decoding=\"async\" class=\"aligncenter size-large\" src=\"https:\/\/s1.ppllstatics.com\/elcomercio\/www\/multimedia\/2025\/12\/06\/tiempo-asturias-domingo-7-diciembre-kX0H-U2302588077118HVD-1200x870@El%20Comercio.jpg\" width=\"1200\" height=\"868\" \/><\/a><\/p>\n<p>En ll\u00ednees xenerales vamos tener altes presiones nel pa\u00eds. Pero, concretamente, al noroeste amenacia la entrada d&#8217;umbaes atl\u00e1ntiques que, anque ent\u00e1-yos costar\u00e1 entrar, vamos tener un fuerte gradiente de presi\u00f3n (nel mapa de superficie visualizamos les isobares bien xuntes) polo qu&#8217;esperamos un claru protagonista: <strong>el fuerte vientu de suroeste<\/strong>. Poro, el llunes prevense intervalos de nubes altes ensin importancia, quiciabes con daqu\u00e9 m\u00e1s de nubosid\u00e1 escontra&#8217;l cordal y m\u00e1s claros escontra la mari\u00f1a. La probabilid\u00e1 de precipitaciones para esta xornada va ser bien baxa o nula. <strong>Los vientos<\/strong>, como dic\u00edamos, van soplar de suroeste-sur moderaos con raches localmente fuertes nel occidente y en zones altes del cordal, y van dir a m\u00e1s nel tramu final del d\u00eda. <strong>Les temperatures<\/strong> apenes van esperimentar cambeos. S\u00eda que non , nun se refuga un descensu llixeru de les m\u00e1ximes en zones del interior oriental y ascensos locales de les m\u00ednimes en puntos costeros.<\/p>\n<p><!--more--><\/p>\n<p>Depu\u00e9s, <strong>el martes<\/strong> va ser un d\u00eda bien airosu con raches fuertes que podr\u00eden superar los 90 kil\u00f3metros per hora nes zones m\u00e1s espuestes d&#8217;altu monte y del oeste del Princip\u00e1u. Gracies a estos vientos vamos siguir con un ambiente t\u00e9rmico bien prestosu. Los cielos esp\u00e9rense con nubes medies y altes, anque podr\u00eda apaecer m\u00e1s nubosid\u00e1 pel oeste mientres la tarde con posibilid\u00e1 de dellos bastios a la fin.<\/p>\n","protected":false},"excerpt":{"rendered":"<p>En ll\u00ednees xenerales vamos tener altes presiones nel pa\u00eds. Pero, concretamente, al noroeste amenacia la entrada d&#8217;umbaes atl\u00e1ntiques que, anque ent\u00e1-yos costar\u00e1 entrar, vamos tener un fuerte gradiente de presi\u00f3n (nel mapa de superficie visualizamos les isobares bien xuntes) polo qu&#8217;esperamos un claru protagonista: el fuerte vientu de suroeste. Poro, el llunes prevense intervalos de [&hellip;]<\/p>\n","protected":false},"author":117,"featured_media":0,"comment_status":"closed","ping_status":"closed","sticky":false,"template":"","format":"standard","meta":{"footnotes":""},"categories":[5],"tags":[],"class_list":["post-63175","post","type-post","status-publish","format-standard","hentry","category-tiempu"],"_links":{"self":[{"href":"https:\/\/edublog.educastur.es\/ixuxu\/wp-json\/wp\/v2\/posts\/63175","targetHints":{"allow":["GET"]}}],"collection":[{"href":"https:\/\/edublog.educastur.es\/ixuxu\/wp-json\/wp\/v2\/posts"}],"about":[{"href":"https:\/\/edublog.educastur.es\/ixuxu\/wp-json\/wp\/v2\/types\/post"}],"author":[{"embeddable":true,"href":"https:\/\/edublog.educastur.es\/ixuxu\/wp-json\/wp\/v2\/users\/117"}],"replies":[{"embeddable":true,"href":"https:\/\/edublog.educastur.es\/ixuxu\/wp-json\/wp\/v2\/comments?post=63175"}],"version-history":[{"count":1,"href":"https:\/\/edublog.educastur.es\/ixuxu\/wp-json\/wp\/v2\/posts\/63175\/revisions"}],"predecessor-version":[{"id":63176,"href":"https:\/\/edublog.educastur.es\/ixuxu\/wp-json\/wp\/v2\/posts\/63175\/revisions\/63176"}],"wp:attachment":[{"href":"https:\/\/edublog.educastur.es\/ixuxu\/wp-json\/wp\/v2\/media?parent=63175"}],"wp:term":[{"taxonomy":"category","embeddable":true,"href":"https:\/\/edublog.educastur.es\/ixuxu\/wp-json\/wp\/v2\/categories?post=63175"},{"taxonomy":"post_tag","embeddable":true,"href":"https:\/\/edublog.educastur.es\/ixuxu\/wp-json\/wp\/v2\/tags?post=63175"}],"curies":[{"name":"wp","href":"https:\/\/api.w.org\/{rel}","templated":true}]}}