{"id":63187,"date":"2025-12-08T12:30:57","date_gmt":"2025-12-08T10:30:57","guid":{"rendered":"https:\/\/edublog.educastur.es\/ixuxu\/?p=63187"},"modified":"2025-12-08T12:44:03","modified_gmt":"2025-12-08T10:44:03","slug":"nel-principau-hai-una-poblacion-de-45-000-xabariles","status":"publish","type":"post","link":"https:\/\/edublog.educastur.es\/ixuxu\/2025\/12\/nel-principau-hai-una-poblacion-de-45-000-xabariles\/","title":{"rendered":"Nel Princip\u00e1u hai una poblaci\u00f3n de 45.000 xabariles"},"content":{"rendered":"<p><a href=\"https:\/\/www.rtpa.es\/noticias-asturias-ast\/2025-12-07\/Nel-Principau-hai-una-poblacion-de-45.000-xabariles_111765113135.html\">Nel Princip\u00e1u hai una poblaci\u00f3n de 45.000 xabariles.<\/a>Los axentes de Mediu Rural intensifiquen el control de los xabariles muertos pal so aisllamientu y tresll\u00e1u a Coxersa.<\/p>\n<p style=\"text-align: center\"><a href=\"https:\/\/www.rtpa.es\/fotos\/\/25\/12\/20251207141145_RTPA7443094.webp\"><img loading=\"lazy\" decoding=\"async\" class=\"aligncenter size-large\" src=\"https:\/\/www.rtpa.es\/fotos\/\/25\/12\/20251207141145_RTPA7443094.webp\" width=\"853\" height=\"480\" \/><\/a><\/p>\n<p><!--more--><\/p>\n<p>Nel Princip\u00e1u hai una poblaci\u00f3n de 45.000 xabariles. Na temporada 2024-2025 mat\u00e1ronse unos 13.000. Los m\u00e1s en cotos: 11.000 seg\u00fan datos de Mediu Rural. 1.500 fueron en recechu. 629 m di\u00e9ron-yos caza arqueros y 87 fueron capturaos con xaules.<\/p>\n<p>F\u00edzose un control del 20% de los exemplares. La intenci\u00f3n del Gobiernu ye medrar esos cupos coles sociedaes de cazadores pa controlar esta especie cinex\u00e9tica, que y\u00e1 acecha n\u2019entornos periurbanos, y que ye tresmisora de dalgunes enfermedaes como la mortal peste porcina africana.<\/p>\n<p>Tan inofensiva ye pal ser humani como lletal pa los gochos. La dif\u00edcil prevenci\u00f3n de la peste porcina africana y la so gran capacid\u00e1 de contaxu prendi\u00f3 la emerxencia cinex\u00e9tica per tierra y aire en tol pa\u00eds.<\/p>\n<p>Los 437 axentes asturianos de Mediu Rural intensificaron el control nos montes de los xabariles muertos pal so aisllamientu y tresll\u00e1u a Coxersa. La conseyer\u00eda pide am\u00e1s la collaboraci\u00f3n ciudadana.<\/p>\n<p>El Princip\u00e1u medrar\u00e1 les captures selectives en zones periurbanes y tami\u00e9n dalgunos cupos de caza d\u2019esta especie silvestre que se multiplic\u00f3 por cuatro n\u2019Espa\u00f1a nes dos \u00faltimes d\u00e9cades. Sicas\u00ed Asturies nun ye una de les zones con m\u00e1s presi\u00f3n de la superpoblaci\u00f3n del xabaril.<\/p>\n<p>Los espertos solli\u00f1en que\u2019l &#8216;boom&#8217; del xabaril constituye un gran desaf\u00edu. Agora\u2019l retu ye estremar la biosegurid\u00e1 nes esplotaciones porcines pa evitar contaxos. Unes mid\u00edes que los ganaderos interiorizaron dende la \u00faltima vegada qu\u2019esta peste perxudic\u00f3 al sector va y\u00e1 30 a\u00f1os.<\/p>\n","protected":false},"excerpt":{"rendered":"<p>Nel Princip\u00e1u hai una poblaci\u00f3n de 45.000 xabariles.Los axentes de Mediu Rural intensifiquen el control de los xabariles muertos pal so aisllamientu y tresll\u00e1u a Coxersa.<\/p>\n","protected":false},"author":117,"featured_media":0,"comment_status":"closed","ping_status":"closed","sticky":false,"template":"","format":"standard","meta":{"footnotes":""},"categories":[1],"tags":[],"class_list":["post-63187","post","type-post","status-publish","format-standard","hentry","category-sin-categoria"],"_links":{"self":[{"href":"https:\/\/edublog.educastur.es\/ixuxu\/wp-json\/wp\/v2\/posts\/63187","targetHints":{"allow":["GET"]}}],"collection":[{"href":"https:\/\/edublog.educastur.es\/ixuxu\/wp-json\/wp\/v2\/posts"}],"about":[{"href":"https:\/\/edublog.educastur.es\/ixuxu\/wp-json\/wp\/v2\/types\/post"}],"author":[{"embeddable":true,"href":"https:\/\/edublog.educastur.es\/ixuxu\/wp-json\/wp\/v2\/users\/117"}],"replies":[{"embeddable":true,"href":"https:\/\/edublog.educastur.es\/ixuxu\/wp-json\/wp\/v2\/comments?post=63187"}],"version-history":[{"count":1,"href":"https:\/\/edublog.educastur.es\/ixuxu\/wp-json\/wp\/v2\/posts\/63187\/revisions"}],"predecessor-version":[{"id":63188,"href":"https:\/\/edublog.educastur.es\/ixuxu\/wp-json\/wp\/v2\/posts\/63187\/revisions\/63188"}],"wp:attachment":[{"href":"https:\/\/edublog.educastur.es\/ixuxu\/wp-json\/wp\/v2\/media?parent=63187"}],"wp:term":[{"taxonomy":"category","embeddable":true,"href":"https:\/\/edublog.educastur.es\/ixuxu\/wp-json\/wp\/v2\/categories?post=63187"},{"taxonomy":"post_tag","embeddable":true,"href":"https:\/\/edublog.educastur.es\/ixuxu\/wp-json\/wp\/v2\/tags?post=63187"}],"curies":[{"name":"wp","href":"https:\/\/api.w.org\/{rel}","templated":true}]}}