{"id":63192,"date":"2025-12-08T12:56:36","date_gmt":"2025-12-08T10:56:36","guid":{"rendered":"https:\/\/edublog.educastur.es\/ixuxu\/?p=63192"},"modified":"2025-12-08T20:40:43","modified_gmt":"2025-12-08T18:40:43","slug":"the-asturianer-no-70-la-curdion-de-nolin","status":"publish","type":"post","link":"https:\/\/edublog.educastur.es\/ixuxu\/2025\/12\/the-asturianer-no-70-la-curdion-de-nolin\/","title":{"rendered":"The Asturianer n\u00ba 70 \u00abLa curdi\u00f3n de Nol\u00edn\u00bb"},"content":{"rendered":"<header class=\"_aaqw\">\n<div>\n<div class=\"\">\n<div><\/div>\n<\/div>\n<\/div>\n<\/header>\n<div class=\"xt0psk2\">\n<p class=\"_ap3a _aaco _aacu _aacx _aad7 _aade\" dir=\"auto\" style=\"text-align: center\"><span style=\"font-size: 20px;color: #008080\">T\u00edtulu LA CORDI\u00d3N DE NOL\u00cdN \/ <\/span><span style=\"font-size: 20px;color: #008080\">Autor y testu: VITOR GONZALEZ<\/span><\/p>\n<p style=\"text-align: center\"><em> <span class=\"x193iq5w xeuugli x13faqbe x1vvkbs xt0psk2 x1i0vuye xvs91rp xo1l8bm x5n08af x10wh9bi xpm28yp x8viiok x1o7cslx x126k92a\"><span class=\"html-span xexx8yu x4uap5 x18d9i69 xkhd6sd x1hl2dhg x16tdsg8 x1vvkbs x3nfvp2 x1j61x8r x1fcty0u xdj266r xat24cr xgzva0m xhhsvwb xxymvpz xlup9mm x1kky2od\">\n<!-- iframe plugin v.6.0 wordpress.org\/plugins\/iframe\/ -->\n<iframe loading=\"lazy\" src=\"https:\/\/www.instagram.com\/p\/DR_knIIiGE3\/embed\" width=\"550\" height=\"595\" 0=\"\/iframe\" scrolling=\"yes\" class=\"iframe-class\" frameborder=\"0\"><\/iframe>\n<\/span><\/span><\/em><\/p>\n<p class=\"_ap3a _aaco _aacu _aacx _aad7 _aade\" dir=\"auto\" style=\"text-align: left\"><em>\u00a0<\/em><em>Poques coses tienen el poder evocador de la m\u00fasica.<\/em><br \/>\n<em>El simple son\u00edu d&#8217;una melod\u00eda puede tresportanos nel tiempu y erizarnos la piel.<\/em><br \/>\n<em>Tami\u00e9n ye identid\u00e1. Nella reconocen persones y pueblos, porque guarda hestories, valores y raiga\u00f1os.<\/em><\/p>\n<p class=\"_ap3a _aaco _aacu _aacx _aad7 _aade\" dir=\"auto\" style=\"text-align: left\"><!--more--><br \/>\n<em>Dende los cantares antiguos hasta los preseos que cruciaron fronteres, como l&#8217;acordi\u00f3n de Demian, nac\u00edu n&#8217;Alema\u00f1a en 1829 y g\u00fcei parte del folclore de munches cultures incluyida l&#8217;asturiana, pasando a formar <\/em><em>parte d&#8217;esa memoria colectiva que configura la nuesa xeograf\u00eda \u00edntima: un mapa para volver a quien fuimos y una buelga de qui\u00e9n somos.<\/em><\/p>\n<p class=\"_ap3a _aaco _aacu _aacx _aad7 _aade\" dir=\"auto\" style=\"text-align: left\"><em>Por eso la m\u00fasica non solo acompa\u00f1a la esistencia: xustificala.<\/em><br \/>\n<em>Como dic\u00eda Nietzsche: una vida ensin m\u00fasica ser\u00eda un erru.<\/em><\/p>\n<p class=\"_ap3a _aaco _aacu _aacx _aad7 _aade\" dir=\"auto\" style=\"text-align: left\"><em>D&#8217;eso trata la portada que g\u00fcei nos trai Vitor Gonz\u00e1lez, (vitor_gonzalez_art ) ilustrador autodidacta llicenci\u00e1u n&#8217;Hestoria del Arte, que la so pasi\u00f3n pola cultura celta \u00a0llev\u00f3-y a crear un estilu propiu absolutamente orixinal onde combina&#8217;l clasicismu del arte c\u00e9ltico medieval con aplicaciones contemporanees.<\/em><\/p>\n<p class=\"_ap3a _aaco _aacu _aacx _aad7 _aade\" dir=\"auto\" style=\"text-align: left\"><em>Am\u00e1s de la so trayectoria como dise\u00f1ador de tatuaxes especializ\u00e1u nel estilu n\u00f3rdicu, public\u00f3 llibros como \u201cArte del Norte\u201d y , \u201cCraic agus Ceol\u201d, dise\u00f1\u00f3 los cartelos de los tr\u00e9s peracabes ediciones del C\u00e1ceres *Irish *Fleadh ya ilustr\u00e1u diverses portaes de tem\u00e1tica asturiana.<\/em><\/p>\n<p><a class=\"x1i10hfl xjbqb8w x1ejq31n x18oe1m7 x1sy0etr xstzfhl x972fbf x10w94by x1qhh985 x14e42zd x9f619 x1ypdohk xt0psk2 x3ct3a4 xdj266r x14z9mp xat24cr x1lziwak xexx8yu xyri2b x18d9i69 x1c1uobl x16tdsg8 x1hl2dhg xggy1nq x1a2a7pz notranslate _a6hd\" role=\"link\" href=\"https:\/\/www.instagram.com\/theasturianer\/\">@theasturianer<\/a><br \/>\n<a class=\"x1i10hfl xjbqb8w x1ejq31n x18oe1m7 x1sy0etr xstzfhl x972fbf x10w94by x1qhh985 x14e42zd x9f619 x1ypdohk xt0psk2 x3ct3a4 xdj266r x14z9mp xat24cr x1lziwak xexx8yu xyri2b x18d9i69 x1c1uobl x16tdsg8 x1hl2dhg xggy1nq x1a2a7pz _aa9_ _a6hd\" role=\"link\" href=\"https:\/\/www.instagram.com\/explore\/tags\/covermagazine\/\">#covermagazine<\/a> .<br \/>\n<a class=\"x1i10hfl xjbqb8w x1ejq31n x18oe1m7 x1sy0etr xstzfhl x972fbf x10w94by x1qhh985 x14e42zd x9f619 x1ypdohk xt0psk2 x3ct3a4 xdj266r x14z9mp xat24cr x1lziwak xexx8yu xyri2b x18d9i69 x1c1uobl x16tdsg8 x1hl2dhg xggy1nq x1a2a7pz _aa9_ _a6hd\" role=\"link\" href=\"https:\/\/www.instagram.com\/explore\/tags\/ilustracionasturias\/\">#ilustracionasturias<\/a><\/p>\n<\/div>\n<p>&nbsp;<\/p>\n","protected":false},"excerpt":{"rendered":"<p>T\u00edtulu LA CORDI\u00d3N DE NOL\u00cdN \/ Autor y testu: VITOR GONZALEZ \u00a0Poques coses tienen el poder evocador de la m\u00fasica. El simple son\u00edu d&#8217;una melod\u00eda puede tresportanos nel tiempu y erizarnos la piel. Tami\u00e9n ye identid\u00e1. Nella reconocen persones y pueblos, porque guarda hestories, valores y raiga\u00f1os.<\/p>\n","protected":false},"author":117,"featured_media":0,"comment_status":"closed","ping_status":"closed","sticky":false,"template":"","format":"standard","meta":{"footnotes":""},"categories":[1],"tags":[],"class_list":["post-63192","post","type-post","status-publish","format-standard","hentry","category-sin-categoria"],"_links":{"self":[{"href":"https:\/\/edublog.educastur.es\/ixuxu\/wp-json\/wp\/v2\/posts\/63192","targetHints":{"allow":["GET"]}}],"collection":[{"href":"https:\/\/edublog.educastur.es\/ixuxu\/wp-json\/wp\/v2\/posts"}],"about":[{"href":"https:\/\/edublog.educastur.es\/ixuxu\/wp-json\/wp\/v2\/types\/post"}],"author":[{"embeddable":true,"href":"https:\/\/edublog.educastur.es\/ixuxu\/wp-json\/wp\/v2\/users\/117"}],"replies":[{"embeddable":true,"href":"https:\/\/edublog.educastur.es\/ixuxu\/wp-json\/wp\/v2\/comments?post=63192"}],"version-history":[{"count":7,"href":"https:\/\/edublog.educastur.es\/ixuxu\/wp-json\/wp\/v2\/posts\/63192\/revisions"}],"predecessor-version":[{"id":63231,"href":"https:\/\/edublog.educastur.es\/ixuxu\/wp-json\/wp\/v2\/posts\/63192\/revisions\/63231"}],"wp:attachment":[{"href":"https:\/\/edublog.educastur.es\/ixuxu\/wp-json\/wp\/v2\/media?parent=63192"}],"wp:term":[{"taxonomy":"category","embeddable":true,"href":"https:\/\/edublog.educastur.es\/ixuxu\/wp-json\/wp\/v2\/categories?post=63192"},{"taxonomy":"post_tag","embeddable":true,"href":"https:\/\/edublog.educastur.es\/ixuxu\/wp-json\/wp\/v2\/tags?post=63192"}],"curies":[{"name":"wp","href":"https:\/\/api.w.org\/{rel}","templated":true}]}}