{"id":63220,"date":"2025-12-08T10:30:31","date_gmt":"2025-12-08T08:30:31","guid":{"rendered":"https:\/\/edublog.educastur.es\/ixuxu\/?p=63220"},"modified":"2025-12-08T19:59:27","modified_gmt":"2025-12-08T17:59:27","slug":"asturies-ye-la-comunida-autonoma-que-mas-estudiantes-promociona-dende-la-eso","status":"publish","type":"post","link":"https:\/\/edublog.educastur.es\/ixuxu\/2025\/12\/asturies-ye-la-comunida-autonoma-que-mas-estudiantes-promociona-dende-la-eso\/","title":{"rendered":"Asturies ye la comunid\u00e1 aut\u00f3noma que m\u00e1s estudiantes promociona dende la ESO"},"content":{"rendered":"<p>Asturies ye la comunid\u00e1 aut\u00f3noma que m\u00e1s estudiantes promociona dende la ESO a los dos cursos cimeros, con casi un 90% de titulaos. <a href=\"https:\/\/www.lne.es\/asturias\/2025\/12\/08\/cuatro-alumnos-asturianos-llega-bachillerato-124557604.html?fbclid=IwY2xjawOj8PxleHRuA2FlbQIxMABicmlkETFPc1piNUg3Qk1ERnQ3aGxCc3J0YwZhcHBfaWQQMjIyMDM5MTc4ODIwMDg5MgABHmJnUq6-XnpAuH6bWlS6IJ3HTcKz1BDACukPwrp3z4QUlba7-T14krMrYrlj_aem_SPpWQSital4D43n4uPropA&amp;utm_campaign=mrf-facebook-nuevaespana&amp;mrfcid=202512086936c9c7c43d064135a6d262\">LNE<\/a><\/p>\n<p style=\"text-align: center\"><a href=\"https:\/\/estaticos-cdn.prensaiberica.es\/clip\/cb28cb6d-d515-4847-9a58-57409ccc2d61_16-9-discover-aspect-ratio_default_0.webp\"><img loading=\"lazy\" decoding=\"async\" class=\"aligncenter size-large\" src=\"https:\/\/estaticos-cdn.prensaiberica.es\/clip\/cb28cb6d-d515-4847-9a58-57409ccc2d61_16-9-discover-aspect-ratio_default_0.webp\" width=\"1200\" height=\"675\" \/><\/a><\/p>\n<p>Unu de cada cuatro alumnos asturianos matriculaos na Ense\u00f1anza Secundaria Obligatoria (ESO) llogr\u00f3 pasar de cursu nel 2023-2024 magar caltener dalguna asignatura suspensa. Asina s&#8217;esprende de los datos publicaos la selmana pasada pol Ministeriu d&#8217;Educaci\u00f3n, qu&#8217;ufierten una radiograf\u00eda detallada de la evoluci\u00f3n del sistema educativu espa\u00f1ol tres la plena implantaci\u00f3n de la LOMLOE va tr\u00e9s a\u00f1os. <strong>En t\u00e9rminos xenerales, Asturies vuelve asitiase ente les comunidaes aut\u00f3nomes con meyores cifres de titulaci\u00f3n na ESO<\/strong>: el 89,9 per cientu del alumn\u00e1u consigui\u00f3 finalmente&#8217;l t\u00edtulu, trelce puntos percima la Comunidad Valenciana, onde esi porcentaxe cai hasta&#8217;l 76,8 per cientu.<\/p>\n<p>&nbsp;<\/p>\n","protected":false},"excerpt":{"rendered":"<p>Asturies ye la comunid\u00e1 aut\u00f3noma que m\u00e1s estudiantes promociona dende la ESO a los dos cursos cimeros, con casi un 90% de titulaos. LNE Unu de cada cuatro alumnos asturianos matriculaos na Ense\u00f1anza Secundaria Obligatoria (ESO) llogr\u00f3 pasar de cursu nel 2023-2024 magar caltener dalguna asignatura suspensa. Asina s&#8217;esprende de los datos publicaos la selmana [&hellip;]<\/p>\n","protected":false},"author":117,"featured_media":0,"comment_status":"closed","ping_status":"closed","sticky":false,"template":"","format":"standard","meta":{"footnotes":""},"categories":[132],"tags":[],"class_list":["post-63220","post","type-post","status-publish","format-standard","hentry","category-educastur"],"_links":{"self":[{"href":"https:\/\/edublog.educastur.es\/ixuxu\/wp-json\/wp\/v2\/posts\/63220","targetHints":{"allow":["GET"]}}],"collection":[{"href":"https:\/\/edublog.educastur.es\/ixuxu\/wp-json\/wp\/v2\/posts"}],"about":[{"href":"https:\/\/edublog.educastur.es\/ixuxu\/wp-json\/wp\/v2\/types\/post"}],"author":[{"embeddable":true,"href":"https:\/\/edublog.educastur.es\/ixuxu\/wp-json\/wp\/v2\/users\/117"}],"replies":[{"embeddable":true,"href":"https:\/\/edublog.educastur.es\/ixuxu\/wp-json\/wp\/v2\/comments?post=63220"}],"version-history":[{"count":2,"href":"https:\/\/edublog.educastur.es\/ixuxu\/wp-json\/wp\/v2\/posts\/63220\/revisions"}],"predecessor-version":[{"id":63222,"href":"https:\/\/edublog.educastur.es\/ixuxu\/wp-json\/wp\/v2\/posts\/63220\/revisions\/63222"}],"wp:attachment":[{"href":"https:\/\/edublog.educastur.es\/ixuxu\/wp-json\/wp\/v2\/media?parent=63220"}],"wp:term":[{"taxonomy":"category","embeddable":true,"href":"https:\/\/edublog.educastur.es\/ixuxu\/wp-json\/wp\/v2\/categories?post=63220"},{"taxonomy":"post_tag","embeddable":true,"href":"https:\/\/edublog.educastur.es\/ixuxu\/wp-json\/wp\/v2\/tags?post=63220"}],"curies":[{"name":"wp","href":"https:\/\/api.w.org\/{rel}","templated":true}]}}