{"id":63235,"date":"2025-12-09T08:30:59","date_gmt":"2025-12-09T06:30:59","guid":{"rendered":"https:\/\/edublog.educastur.es\/ixuxu\/?p=63235"},"modified":"2025-12-09T12:49:59","modified_gmt":"2025-12-09T10:49:59","slug":"el-tiempu-el-comercio-205","status":"publish","type":"post","link":"https:\/\/edublog.educastur.es\/ixuxu\/2025\/12\/el-tiempu-el-comercio-205\/","title":{"rendered":"El tiempu (El Comercio)"},"content":{"rendered":"<p style=\"text-align: center\"><a href=\"https:\/\/s3.ppllstatics.com\/elcomercio\/www\/multimedia\/2025\/12\/09\/tiempo-asturias-martes-9-diciembre-U2301287666092nC-U2404921410270RE-1920x1344@El%20Comercio.jpg\"><img loading=\"lazy\" decoding=\"async\" class=\"aligncenter size-large\" src=\"https:\/\/s3.ppllstatics.com\/elcomercio\/www\/multimedia\/2025\/12\/09\/tiempo-asturias-martes-9-diciembre-U2301287666092nC-U2404921410270RE-1920x1344@El%20Comercio.jpg\" width=\"1920\" height=\"1344\" \/><\/a><\/p>\n<p>Esperamos una d\u00eda marc\u00e1u polos fuertes vientos mientres la ma\u00f1ana. L&#8217;Axencia Estatal de Meteorolox\u00eda va tener activ\u00e1u l&#8217;<strong>avisu naranxa nel cordal<\/strong> por raches d&#8217;hasta 110 km\/h. Esti avisu va concluyir a les 14 hores. Igualmente, la mari\u00f1a oriental va tar baxu avisu mariellu por raches que podr\u00eden rexistrar hasta 90 km\/h y va desactivase a les 14 hores. En cuanto al aguaxe, hasta les 10 hores vamos tener avisu mariellu na mar por foles d&#8217;hasta 5 metros d&#8217;altor. <strong>Mientres la tarde<\/strong> los vientos van dir a menos y van acabar siendo fluexos polo xeneral. Respectu al <strong>est\u00e1u de los cielos<\/strong>, prevense intervalos de nubes altes pela ma\u00f1ana con encl\u00edn a apaecer nubes medies ya inclusive baxes mientres la tarde pel oeste del Princip\u00e1u. Les precipitaciones van ser poco probables y, s\u00eda que non, podr\u00eden escapase en zones del terciu oeste y nel sur d&#8217;Asturies.<\/p>\n<p><!--more--><\/p>\n<p><strong>Les temperatures m\u00e1ximes<\/strong> van caltenese ensin grandes cambeos polo que vamos tener un ambiente t\u00e9rmico bien prestosu. <strong>Les m\u00ednimes<\/strong> nam\u00e1 van poder baxar nel oeste de la Comunid\u00e1 Aut\u00f3noma. Ma\u00f1ana mi\u00e9rcoles esp\u00e9rase m\u00e1s nubosid\u00e1 escontra l&#8217;oriente onde les precipitaciones van ser m\u00e1s frecuentes. Mientres el d\u00eda la nubosid\u00e1 va estendese escontra&#8217;l restu. Les temperatures van baxar de forma xeneralizada tantu nel casu de les m\u00e1ximes como nel de les m\u00ednimes.<\/p>\n","protected":false},"excerpt":{"rendered":"<p>Esperamos una d\u00eda marc\u00e1u polos fuertes vientos mientres la ma\u00f1ana. L&#8217;Axencia Estatal de Meteorolox\u00eda va tener activ\u00e1u l&#8217;avisu naranxa nel cordal por raches d&#8217;hasta 110 km\/h. Esti avisu va concluyir a les 14 hores. Igualmente, la mari\u00f1a oriental va tar baxu avisu mariellu por raches que podr\u00eden rexistrar hasta 90 km\/h y va desactivase a [&hellip;]<\/p>\n","protected":false},"author":117,"featured_media":0,"comment_status":"closed","ping_status":"closed","sticky":false,"template":"","format":"standard","meta":{"footnotes":""},"categories":[5],"tags":[],"class_list":["post-63235","post","type-post","status-publish","format-standard","hentry","category-tiempu"],"_links":{"self":[{"href":"https:\/\/edublog.educastur.es\/ixuxu\/wp-json\/wp\/v2\/posts\/63235","targetHints":{"allow":["GET"]}}],"collection":[{"href":"https:\/\/edublog.educastur.es\/ixuxu\/wp-json\/wp\/v2\/posts"}],"about":[{"href":"https:\/\/edublog.educastur.es\/ixuxu\/wp-json\/wp\/v2\/types\/post"}],"author":[{"embeddable":true,"href":"https:\/\/edublog.educastur.es\/ixuxu\/wp-json\/wp\/v2\/users\/117"}],"replies":[{"embeddable":true,"href":"https:\/\/edublog.educastur.es\/ixuxu\/wp-json\/wp\/v2\/comments?post=63235"}],"version-history":[{"count":4,"href":"https:\/\/edublog.educastur.es\/ixuxu\/wp-json\/wp\/v2\/posts\/63235\/revisions"}],"predecessor-version":[{"id":63239,"href":"https:\/\/edublog.educastur.es\/ixuxu\/wp-json\/wp\/v2\/posts\/63235\/revisions\/63239"}],"wp:attachment":[{"href":"https:\/\/edublog.educastur.es\/ixuxu\/wp-json\/wp\/v2\/media?parent=63235"}],"wp:term":[{"taxonomy":"category","embeddable":true,"href":"https:\/\/edublog.educastur.es\/ixuxu\/wp-json\/wp\/v2\/categories?post=63235"},{"taxonomy":"post_tag","embeddable":true,"href":"https:\/\/edublog.educastur.es\/ixuxu\/wp-json\/wp\/v2\/tags?post=63235"}],"curies":[{"name":"wp","href":"https:\/\/api.w.org\/{rel}","templated":true}]}}