{"id":63273,"date":"2025-12-09T23:30:41","date_gmt":"2025-12-09T21:30:41","guid":{"rendered":"https:\/\/edublog.educastur.es\/ixuxu\/?p=63273"},"modified":"2025-12-09T22:01:25","modified_gmt":"2025-12-09T20:01:25","slug":"lindiz-nao-va-camudar-a-fase-positiva-esta-proxima-selmana","status":"publish","type":"post","link":"https:\/\/edublog.educastur.es\/ixuxu\/2025\/12\/lindiz-nao-va-camudar-a-fase-positiva-esta-proxima-selmana\/","title":{"rendered":"L&#8217;\u00edndiz NAO va camudar a fase positiva esta pr\u00f3xima selmana"},"content":{"rendered":"<p style=\"text-align: center\"><a href=\"https:\/\/services.meteored.com\/img\/video\/preview\/dailymotion-x9v6qm6_1024.jpg\"><img loading=\"lazy\" decoding=\"async\" class=\"aligncenter size-large\" src=\"https:\/\/services.meteored.com\/img\/video\/preview\/dailymotion-x9v6qm6_1024.jpg\" width=\"1024\" height=\"576\" \/><\/a><\/p>\n<p>L&#8217;\u00edndiz NAO va pasar a fase positiva y los efectos meteorol\u00f3xicos van salir de lo que ser\u00eda habitual: l&#8217;anticicl\u00f3n que ta frenando la llegada de frentes llueu va vencer y les ag\u00fces van volver a delles comunidaes. Esto traducir\u00e1se n&#8217;una importante remontada subtropical sobro gran parte d&#8217;Espa\u00f1a, con dominiu anticicl\u00f3nicu en gran parte del territoriu.<\/p>\n<p><!--more--><\/p>\n<p>Seg\u00fan les previsiones actuales, <strong>l&#8217;\u00edndiz NAO va camudar a fase positiva esta pr\u00f3xima selmana<\/strong> y ent\u00e1 m\u00e1s na que vien, empecipiada y\u00e1 la segunda quincena del mes d&#8217;avientu. Esto implica un camb\u00e9u nes pieces atmosf\u00e9riques a gran escala nel Atl\u00e1nticu, especialmente no que se refier a les altes presiones, y ye esperable un camb\u00e9u de tiempu escontra una mayor estabilid\u00e1 en gran parte d&#8217;Espa\u00f1a, pero con matices.<\/p>\n<p>\u00bfQu\u00e9 ye l&#8217;\u00edndiz NAO? <strong>La Oscilaci\u00f3n del Atl\u00e1nticu Norte (NAO), ye un \u00edndiz que nos dexa antemanar el comportamientu de la troposfera<\/strong>, esto ye, d\u00e9xanos prever enclinos secos o h\u00famedes n&#8217;Espa\u00f1a, sobremanera pel hibiernu. Anque la correlaci\u00f3n con esti \u00edndiz mengua na aguada mediterr\u00e1nea peninsular y Baleares, cuando entra en fase positiva suel indicar un aumentu de fiabilid\u00e1 nes previsiones.<\/p>\n<p style=\"text-align: center\"><a href=\"https:\/\/services.meteored.com\/img\/article\/el-martes-9-habra-un-cambio-brusco-de-patron-meteorologico-irrumpira-la-nao-y-pasara-esto-en-espana-1765102200003_1024.png\"><img loading=\"lazy\" decoding=\"async\" class=\"aligncenter size-large\" src=\"https:\/\/services.meteored.com\/img\/article\/el-martes-9-habra-un-cambio-brusco-de-patron-meteorologico-irrumpira-la-nao-y-pasara-esto-en-espana-1765102200003_1024.png\" width=\"1024\" height=\"731\" \/><\/a><\/p>\n<p><strong> Va haber anticicl\u00f3n, pero solu n&#8217;una met\u00e1 d&#8217;Espa\u00f1a<\/strong>, produci\u00e9ndose ag\u00fces xeneralizaes nel oeste cola llegada de siquier dos frentes\u00a0fr\u00edos.<\/p>\n<p>&nbsp;<\/p>\n","protected":false},"excerpt":{"rendered":"<p>L&#8217;\u00edndiz NAO va pasar a fase positiva y los efectos meteorol\u00f3xicos van salir de lo que ser\u00eda habitual: l&#8217;anticicl\u00f3n que ta frenando la llegada de frentes llueu va vencer y les ag\u00fces van volver a delles comunidaes. Esto traducir\u00e1se n&#8217;una importante remontada subtropical sobro gran parte d&#8217;Espa\u00f1a, con dominiu anticicl\u00f3nicu en gran parte del territoriu.<\/p>\n","protected":false},"author":117,"featured_media":0,"comment_status":"closed","ping_status":"closed","sticky":false,"template":"","format":"standard","meta":{"footnotes":""},"categories":[5],"tags":[],"class_list":["post-63273","post","type-post","status-publish","format-standard","hentry","category-tiempu"],"_links":{"self":[{"href":"https:\/\/edublog.educastur.es\/ixuxu\/wp-json\/wp\/v2\/posts\/63273","targetHints":{"allow":["GET"]}}],"collection":[{"href":"https:\/\/edublog.educastur.es\/ixuxu\/wp-json\/wp\/v2\/posts"}],"about":[{"href":"https:\/\/edublog.educastur.es\/ixuxu\/wp-json\/wp\/v2\/types\/post"}],"author":[{"embeddable":true,"href":"https:\/\/edublog.educastur.es\/ixuxu\/wp-json\/wp\/v2\/users\/117"}],"replies":[{"embeddable":true,"href":"https:\/\/edublog.educastur.es\/ixuxu\/wp-json\/wp\/v2\/comments?post=63273"}],"version-history":[{"count":3,"href":"https:\/\/edublog.educastur.es\/ixuxu\/wp-json\/wp\/v2\/posts\/63273\/revisions"}],"predecessor-version":[{"id":63277,"href":"https:\/\/edublog.educastur.es\/ixuxu\/wp-json\/wp\/v2\/posts\/63273\/revisions\/63277"}],"wp:attachment":[{"href":"https:\/\/edublog.educastur.es\/ixuxu\/wp-json\/wp\/v2\/media?parent=63273"}],"wp:term":[{"taxonomy":"category","embeddable":true,"href":"https:\/\/edublog.educastur.es\/ixuxu\/wp-json\/wp\/v2\/categories?post=63273"},{"taxonomy":"post_tag","embeddable":true,"href":"https:\/\/edublog.educastur.es\/ixuxu\/wp-json\/wp\/v2\/tags?post=63273"}],"curies":[{"name":"wp","href":"https:\/\/api.w.org\/{rel}","templated":true}]}}