{"id":63282,"date":"2025-12-09T19:00:44","date_gmt":"2025-12-09T17:00:44","guid":{"rendered":"https:\/\/edublog.educastur.es\/ixuxu\/?p=63282"},"modified":"2025-12-09T22:21:46","modified_gmt":"2025-12-09T20:21:46","slug":"poema-nel-tempu-la-seronda","status":"publish","type":"post","link":"https:\/\/edublog.educastur.es\/ixuxu\/2025\/12\/poema-nel-tempu-la-seronda\/","title":{"rendered":"\u00abNel tempu la seronda\u00bb Esther Castelao"},"content":{"rendered":"<div class=\"html-div xdj266r x14z9mp xat24cr x1lziwak xexx8yu x1a8lsjc xf7dkkf xv54qhq\">\n<div class=\"html-div xdj266r x14z9mp xat24cr x1lziwak xexx8yu xyri2b x18d9i69 x1c1uobl x1jx94hy x78zum5 x1q0g3np\">\n<div class=\"x78zum5 xdt5ytf xz62fqu x16ldp7u\">\n<div class=\"xu06os2 x1ok221b\">\n<div class=\"html-div xdj266r x14z9mp xat24cr x1lziwak xexx8yu xyri2b x18d9i69 x1c1uobl\" data-ad-rendering-role=\"profile_name\">\n<h3 class=\"html-h3 x14z9mp xat24cr x1lziwak xexx8yu xyri2b x18d9i69 x1c1uobl x1vvkbs x1heor9g x1qlqyl8 x1pd3egz x1a2a7pz x1gslohp x1yc453h\" style=\"text-align: center\"><span class=\"x1lliihq x6ikm8r x10wlt62 x1n2onr6\">\n<!-- iframe plugin v.6.0 wordpress.org\/plugins\/iframe\/ -->\n<iframe loading=\"lazy\" src=\"https:\/\/www.facebook.com\/plugins\/post.php?href=https%3A%2F%2Fwww.facebook.com%2Farcin.fanzine%2Fposts%2Fpfbid02GEeDKe1CQd5Hrvc6ypX2uzaxVJRqRE5FRhSWiosGV97C8aMt6pRNZJEcW13SpzvZl&#038;show_text=false&#038;width=500\" width=\"500\" height=\"497\" style=\"border:none;overflow:hidden\" scrolling=\"no\" frameborder=\"0\" allowfullscreen=\"true\" allow=\"autoplay; clipboard-write; encrypted-media; picture-in-picture; web-share\" 0=\"\/iframe\" class=\"iframe-class\"><\/iframe>\n<\/span><\/h3>\n<\/div>\n<\/div>\n<div class=\"xu06os2 x1ok221b\">\n<div class=\"html-div xdj266r x14z9mp xat24cr x1lziwak xexx8yu xyri2b x18d9i69 x1c1uobl x6s0dn4 x17zd0t2 x78zum5 x1q0g3np x1a02dak\"><\/div>\n<\/div>\n<\/div>\n<\/div>\n<\/div>\n<div class=\"html-div xdj266r x14z9mp xat24cr x1lziwak xexx8yu xyri2b x18d9i69 x1c1uobl\" dir=\"auto\">\n<div class=\"html-div xdj266r x14z9mp xat24cr x1lziwak xexx8yu xyri2b x18d9i69 x1c1uobl\" dir=\"auto\">\n<div class=\"html-div xdj266r x14z9mp xat24cr x1lziwak xexx8yu xyri2b x18d9i69 x1c1uobl\" data-ad-rendering-role=\"story_message\">\n<div class=\"x1l90r2v x1iorvi4 x1g0dm76 xpdmqnj\" data-ad-comet-preview=\"message\" data-ad-preview=\"message\">\n<div class=\"x78zum5 xdt5ytf xz62fqu x16ldp7u\">\n<div class=\"xu06os2 x1ok221b\">\n<div class=\"html-div xdj266r x14z9mp xat24cr x1lziwak xexx8yu xyri2b x18d9i69 x1c1uobl\">\n<div class=\"xdj266r x14z9mp xat24cr x1lziwak x1vvkbs x126k92a\">\n<div dir=\"auto\"><em><span style=\"color: #008080\"><strong>Nel tempu la seronda<\/strong><\/span><\/em> ye&#8217;l poema qu&#8217;escribi\u00f3 <span class=\"html-span xdj266r x14z9mp xat24cr x1lziwak xexx8yu xyri2b x18d9i69 x1c1uobl x1hl2dhg x16tdsg8 x1vvkbs\"><a class=\"x1i10hfl xjbqb8w x1ejq31n x18oe1m7 x1sy0etr xstzfhl x972fbf x10w94by x1qhh985 x14e42zd x9f619 x1ypdohk xt0psk2 x3ct3a4 xdj266r x14z9mp xat24cr x1lziwak xexx8yu xyri2b x18d9i69 x1c1uobl x16tdsg8 x1hl2dhg xggy1nq x1a2a7pz xkrqix3 x1sur9pj x1fey0fg x1s688f\" role=\"link\" href=\"https:\/\/www.facebook.com\/esther.cv.3?__cft__[0]=AZUNQ5dHwFjgkiA1jJ1BwaP2hsOyz06qHp1cpRT8ttWXYrd8j-48IUg4UtVr9q07kn-at4eb63PAC5dKJN2C0VpDt5xNkJaWt1HPO74bgZ5fP8L06AuiZXVYZ33PpMyyl3Tu9RKA3eZ9WL1izMc6kz4PLBNBg57wk688n5IUeM0lyhX1G1W_6eNK6FaCN3CISHc&amp;__tn__=-]K-y-R\"><span class=\"xt0psk2\"><span class=\"xjp7ctv\">Esther Castelao<\/span><\/span><\/a><\/span> pal segundu n\u00famberu del Arc\u00edn, LA SERONDA. <a class=\"x1i10hfl xjbqb8w x1ejq31n x18oe1m7 x1sy0etr xstzfhl x972fbf x10w94by x1qhh985 x14e42zd x9f619 x1ypdohk xt0psk2 x3ct3a4 xdj266r x14z9mp xat24cr x1lziwak xexx8yu xyri2b x18d9i69 x1c1uobl x16tdsg8 x1hl2dhg xggy1nq x1a2a7pz xkrqix3 x1sur9pj xzsf02u x1s688f\" role=\"link\" href=\"https:\/\/www.facebook.com\/arcin.fanzine?__cft__[0]=AZUNQ5dHwFjgkiA1jJ1BwaP2hsOyz06qHp1cpRT8ttWXYrd8j-48IUg4UtVr9q07kn-at4eb63PAC5dKJN2C0VpDt5xNkJaWt1HPO74bgZ5fP8L06AuiZXVYZ33PpMyyl3Tu9RKA3eZ9WL1izMc6kz4PLBNBg57wk688n5IUeM0lyhX1G1W_6eNK6FaCN3CISHc&amp;__tn__=-UC%2CP-y-R\"><b class=\"html-b xdj266r x14z9mp xat24cr x1lziwak xexx8yu xyri2b x18d9i69 x1c1uobl x1hl2dhg x16tdsg8 x1vvkbs x1s688f\"><span class=\"html-span xdj266r x14z9mp xat24cr x1lziwak xexx8yu xyri2b x18d9i69 x1c1uobl x1hl2dhg x16tdsg8 x1vvkbs\">Arc\u00edn Fanzine <\/span><\/b><\/a>Esther tien espublizaos un llibru infantil llam\u00e0u <a href=\"https:\/\/editorialsaralejandria.com\/producto\/el-sueno-de-mufi\/\"><strong>EL SUE\u00d1O DE MUFI<\/strong> con <span style=\"text-decoration: underline\">Peonza Ediciones<\/span> <\/a>y un rellatu de terror incluy\u00edu na compilaci\u00f3n SUSURROS A MEDIANOCHE, espublizau por Ediciones Sol de Pan.\u00a0T\u00e1 trabayando nuna obra qu&#8217;en cuantu l&#8217;asoleye, va dar que falar.<\/div>\n<\/div>\n<div dir=\"auto\"><!--more--><\/div>\n<div dir=\"auto\" style=\"text-align: center\"><a href=\"https:\/\/editorialsaralejandria.com\/wp-content\/uploads\/2022\/11\/EL-SUE%C3%91O-DE-MUFI-370x367.jpg\"><img loading=\"lazy\" decoding=\"async\" class=\"aligncenter size-large\" src=\"https:\/\/editorialsaralejandria.com\/wp-content\/uploads\/2022\/11\/EL-SUE%C3%91O-DE-MUFI-370x367.jpg\" width=\"370\" height=\"367\" \/><\/a><\/div>\n<\/div>\n<\/div>\n<\/div>\n<\/div>\n<\/div>\n<\/div>\n<\/div>\n<p>&nbsp;<\/p>\n<div class=\"img-social\">\n<div class=\"img-author\"><img loading=\"lazy\" decoding=\"async\" class=\"attachment-shop_catalog  wp-post-image aligncenter\" src=\"http:\/\/editorialsaralejandria.com\/wp-content\/uploads\/2022\/11\/ESTHER-CASTELAO.jpg\" alt=\"avatar-author\" width=\"629\" height=\"629\" \/><\/div>\n<div class=\"clearfix\"><\/div>\n<\/div>\n<div class=\"desc-name\">\n<div class=\"name-author\"><a href=\"https:\/\/editorialsaralejandria.com\/author-book\/esther-castelao\/\" target=\"blank\" rel=\"noopener\">ESTHER CASTELAO<\/a><\/div>\n<div class=\"year-author\"><\/div>\n<div class=\"desc-author\"><em>El mio nome ye Esther Castelao Villena. <strong>Nac\u00ed en Xix\u00f3n- Asturies nel a\u00f1u 1996. <\/strong><\/em><\/div>\n<div><\/div>\n<div class=\"desc-author\"><em><strong>Soi monitora d&#8217;Ociu y tiempu llibre<\/strong> a parte estudie&#8217;l FP d&#8217;Educaci\u00f3n infantil\u00a0 y angua\u00f1o estudio maxisteriu d&#8217;Educaci\u00f3n Infantil una y bones m&#8217;apasiona&#8217;l mundu de la educaci\u00f3n y tami\u00e9n el poder lluchar por una educaci\u00f3n meyor. <\/em><\/div>\n<div><\/div>\n<div class=\"desc-author\"><em><strong>Otra de les mios pasiones, la escritura.<\/strong> Desque tengo usu de raz\u00f3n, tengo un llibru nes manos, taramiar. Les alcordances de la mio ni\u00f1ez ll\u00e9venme a cuentos de lo m\u00e1s populares, a media lluz, escuchaos ente s\u00e1banes. <\/em><\/div>\n<div><\/div>\n<div class=\"desc-author\"><em><strong>Adoro lleer, cuntar cuentos y escribir hestories que lleguen a l&#8217;alma<\/strong>, que saquen xuna sorrisa, qu&#8217;espierten la mente y echen a volar la imaxinaci\u00f3n.\u00a0<\/em><\/div>\n<div><\/div>\n<div class=\"desc-author\"><em>Siempres que llego a casa y echo una g\u00fceyada r\u00e1pida al mio cuentu ent\u00e1 siento rebelgos nel est\u00f3magu y muncha ilusi\u00f3n por saber qu&#8217;a d\u00eda de g\u00fcei cada vez m\u00e1s ne\u00f1os\/as estes esfrutando y aprendiendo de Mufi. <\/em><\/div>\n<div><\/div>\n<div class=\"desc-author\"><em>Les mios ganes de siguir cuntando mil y un cuentos a los ne\u00f1os y mayores nun acaben equ\u00ed&#8230; ent\u00e1 queda enforma por percorrer y esfrutar. \u00a1vais penar, puedo asegurar!\u00a0\u00a0<\/em><\/div>\n<\/div>\n","protected":false},"excerpt":{"rendered":"<p>Nel tempu la seronda ye&#8217;l poema qu&#8217;escribi\u00f3 Esther Castelao pal segundu n\u00famberu del Arc\u00edn, LA SERONDA. Arc\u00edn Fanzine Esther tien espublizaos un llibru infantil llam\u00e0u EL SUE\u00d1O DE MUFI con Peonza Ediciones y un rellatu de terror incluy\u00edu na compilaci\u00f3n SUSURROS A MEDIANOCHE, espublizau por Ediciones Sol de Pan.\u00a0T\u00e1 trabayando nuna obra qu&#8217;en cuantu l&#8217;asoleye, [&hellip;]<\/p>\n","protected":false},"author":117,"featured_media":0,"comment_status":"closed","ping_status":"closed","sticky":false,"template":"","format":"standard","meta":{"footnotes":""},"categories":[39],"tags":[],"class_list":["post-63282","post","type-post","status-publish","format-standard","hentry","category-poesia"],"_links":{"self":[{"href":"https:\/\/edublog.educastur.es\/ixuxu\/wp-json\/wp\/v2\/posts\/63282","targetHints":{"allow":["GET"]}}],"collection":[{"href":"https:\/\/edublog.educastur.es\/ixuxu\/wp-json\/wp\/v2\/posts"}],"about":[{"href":"https:\/\/edublog.educastur.es\/ixuxu\/wp-json\/wp\/v2\/types\/post"}],"author":[{"embeddable":true,"href":"https:\/\/edublog.educastur.es\/ixuxu\/wp-json\/wp\/v2\/users\/117"}],"replies":[{"embeddable":true,"href":"https:\/\/edublog.educastur.es\/ixuxu\/wp-json\/wp\/v2\/comments?post=63282"}],"version-history":[{"count":6,"href":"https:\/\/edublog.educastur.es\/ixuxu\/wp-json\/wp\/v2\/posts\/63282\/revisions"}],"predecessor-version":[{"id":63288,"href":"https:\/\/edublog.educastur.es\/ixuxu\/wp-json\/wp\/v2\/posts\/63282\/revisions\/63288"}],"wp:attachment":[{"href":"https:\/\/edublog.educastur.es\/ixuxu\/wp-json\/wp\/v2\/media?parent=63282"}],"wp:term":[{"taxonomy":"category","embeddable":true,"href":"https:\/\/edublog.educastur.es\/ixuxu\/wp-json\/wp\/v2\/categories?post=63282"},{"taxonomy":"post_tag","embeddable":true,"href":"https:\/\/edublog.educastur.es\/ixuxu\/wp-json\/wp\/v2\/tags?post=63282"}],"curies":[{"name":"wp","href":"https:\/\/api.w.org\/{rel}","templated":true}]}}