{"id":63289,"date":"2025-12-09T10:00:32","date_gmt":"2025-12-09T08:00:32","guid":{"rendered":"https:\/\/edublog.educastur.es\/ixuxu\/?p=63289"},"modified":"2025-12-09T22:27:24","modified_gmt":"2025-12-09T20:27:24","slug":"navida-de-verdina","status":"publish","type":"post","link":"https:\/\/edublog.educastur.es\/ixuxu\/2025\/12\/navida-de-verdina\/","title":{"rendered":"\u00abNavid\u00e1\u00bb de Verdina"},"content":{"rendered":"<p style=\"text-align: center\">\n<!-- iframe plugin v.6.0 wordpress.org\/plugins\/iframe\/ -->\n<iframe loading=\"lazy\" width=\"100%\" height=\"480\" src=\"https:\/\/www.youtube.com\/embed\/qcdYZNiePSk\" title=\"Verdina. T2E5. Navid\u00e1\" frameborder=\"0\" allow=\"accelerometer; autoplay; clipboard-write; encrypted-media; gyroscope; picture-in-picture; web-share\" referrerpolicy=\"strict-origin-when-cross-origin\" 0=\"allowfullscreen\" 1=\"\/iframe\" scrolling=\"yes\" class=\"iframe-class\"><\/iframe>\n<\/p>\n<ul>\n<li class=\"style-scope ytd-watch-metadata\"><a href=\"https:\/\/youtu.be\/qcdYZNiePSk\"><span style=\"color: #008080\"><strong>Verdina. T2E5. Navid\u00e1<\/strong><\/span><\/a><\/li>\n<li><span class=\"yt-core-attributed-string--link-inherit-color\" dir=\"auto\">Verdina &#8211; Podcast musical n&#8217;asturianu <a href=\"https:\/\/www.elarcademozart.com\/la-faba-cosmica-verdina-t2\/\"><span style=\"color: #008080\"><strong>Temporada 2<\/strong> <\/span><\/a>&#8211; Episodiu 5: <span style=\"color: #008080\">Navid\u00e1<\/span> <\/span><\/li>\n<\/ul>\n<p><!--more--><\/p>\n<p style=\"text-align: center\"><a href=\"https:\/\/image.jimcdn.com\/app\/cms\/image\/transf\/dimension=960x10000:format=jpg\/path\/s430a031a8a1af116\/image\/i1319e1bbc5477ab6\/version\/1761820684\/image.jpg\"><img loading=\"lazy\" decoding=\"async\" class=\"aligncenter \" src=\"https:\/\/image.jimcdn.com\/app\/cms\/image\/transf\/dimension=960x10000:format=jpg\/path\/s430a031a8a1af116\/image\/i1319e1bbc5477ab6\/version\/1761820684\/image.jpg\" width=\"645\" height=\"912\" \/><\/a><\/p>\n<ul>\n<li><span class=\"yt-core-attributed-string--link-inherit-color\" dir=\"auto\">VERDINA TEMPORADA 2 Colaboren: B\u00e1rbara Fuentes &#8211; Mezzosoprano, Eugenio Otero Vega &#8211; Gaita, Vero Rubio &#8211; trompeta, Javier San Marcos &#8211; baxu y voz, David Palicio &#8211; Ilustraciones, Andy da Silva &#8211; Producci\u00f3n. Idea orixinal, creaci\u00f3n y composici\u00f3n &#8211; Miguel Garcia y Monica Jivanescu, El Arca de Mozart. Proyecto subvencionado por la Consejer\u00eda de Cultura, Pol\u00edtica Ling\u00fc\u00edstica y Deporte del Principado de Asturias. M\u00e1s informaci\u00f3n: <\/span><span class=\"yt-core-attributed-string--link-inherit-color\" dir=\"auto\"><a class=\"yt-core-attributed-string__link yt-core-attributed-string__link--call-to-action-color\" href=\"https:\/\/www.youtube.com\/redirect?event=video_description&amp;redir_token=QUFFLUhqbDdxeXFnR2hQUUdIR0FoT051bVgyNEpWQXBVd3xBQ3Jtc0tuSEY5aE9qakdIamVBZzBwTVIzNTMwMmxzTkJ3TEdyUXV6cU04WnhMUjhpQWprNFhXV1ROUGNLYVgwRHgySkRqaGd0RTJTd29zZ3VEam9iWmtvQTE5bG9vNkJIZzhVckNKMW1SSXhlZVVQRXZENnR3WQ&amp;q=https%3A%2F%2Fwww.elarcademozart.com%2Fla-faba-cosmica-verdina-t2%2F&amp;v=qcdYZNiePSk\" target=\"_blank\" rel=\"nofollow noopener\">https:\/\/www.elarcademozart.com\/la-fab&#8230;<\/a><\/span><\/li>\n<\/ul>\n","protected":false},"excerpt":{"rendered":"<p>Verdina. T2E5. Navid\u00e1 Verdina &#8211; Podcast musical n&#8217;asturianu Temporada 2 &#8211; Episodiu 5: Navid\u00e1<\/p>\n","protected":false},"author":117,"featured_media":0,"comment_status":"closed","ping_status":"closed","sticky":false,"template":"","format":"standard","meta":{"footnotes":""},"categories":[381],"tags":[],"class_list":["post-63289","post","type-post","status-publish","format-standard","hentry","category-verdina-el-musical"],"_links":{"self":[{"href":"https:\/\/edublog.educastur.es\/ixuxu\/wp-json\/wp\/v2\/posts\/63289","targetHints":{"allow":["GET"]}}],"collection":[{"href":"https:\/\/edublog.educastur.es\/ixuxu\/wp-json\/wp\/v2\/posts"}],"about":[{"href":"https:\/\/edublog.educastur.es\/ixuxu\/wp-json\/wp\/v2\/types\/post"}],"author":[{"embeddable":true,"href":"https:\/\/edublog.educastur.es\/ixuxu\/wp-json\/wp\/v2\/users\/117"}],"replies":[{"embeddable":true,"href":"https:\/\/edublog.educastur.es\/ixuxu\/wp-json\/wp\/v2\/comments?post=63289"}],"version-history":[{"count":4,"href":"https:\/\/edublog.educastur.es\/ixuxu\/wp-json\/wp\/v2\/posts\/63289\/revisions"}],"predecessor-version":[{"id":63293,"href":"https:\/\/edublog.educastur.es\/ixuxu\/wp-json\/wp\/v2\/posts\/63289\/revisions\/63293"}],"wp:attachment":[{"href":"https:\/\/edublog.educastur.es\/ixuxu\/wp-json\/wp\/v2\/media?parent=63289"}],"wp:term":[{"taxonomy":"category","embeddable":true,"href":"https:\/\/edublog.educastur.es\/ixuxu\/wp-json\/wp\/v2\/categories?post=63289"},{"taxonomy":"post_tag","embeddable":true,"href":"https:\/\/edublog.educastur.es\/ixuxu\/wp-json\/wp\/v2\/tags?post=63289"}],"curies":[{"name":"wp","href":"https:\/\/api.w.org\/{rel}","templated":true}]}}