{"id":63305,"date":"2025-12-10T12:08:08","date_gmt":"2025-12-10T10:08:08","guid":{"rendered":"https:\/\/edublog.educastur.es\/ixuxu\/?p=63305"},"modified":"2025-12-10T12:09:43","modified_gmt":"2025-12-10T10:09:43","slug":"lorient-sofita-por-quuvieu-sia-capital-europea-de-la-cultura-2031","status":"publish","type":"post","link":"https:\/\/edublog.educastur.es\/ixuxu\/2025\/12\/lorient-sofita-por-quuvieu-sia-capital-europea-de-la-cultura-2031\/","title":{"rendered":"Lorient sofita por qu&#8217;Uvi\u00e9u s\u00eda Capital Europea de la Cultura 2031"},"content":{"rendered":"<p>La ciud\u00e1 francesa que da&#8217;l so total sofitu por qu&#8217;Uvi\u00e9u s\u00eda Capital Europea de la Cultura 2031. La ciud\u00e1 asturiana \u00abencarna con fuerza una identid\u00e1 celta viva\u00bb, asegura l&#8217;alcalde de la localid\u00e1 gala al travi\u00e9s d&#8217;una carta.<\/p>\n<p style=\"text-align: center\"><a href=\"https:\/\/estaticos-cdn.prensaiberica.es\/clip\/b58bd1ba-8915-4392-829f-95e9c40117d7_16-9-discover-aspect-ratio_default_0.webp\"><img loading=\"lazy\" decoding=\"async\" class=\"aligncenter size-large\" src=\"https:\/\/estaticos-cdn.prensaiberica.es\/clip\/b58bd1ba-8915-4392-829f-95e9c40117d7_16-9-discover-aspect-ratio_default_0.webp\" width=\"1200\" height=\"675\" \/><\/a>Actuaci\u00f3n de la banda \u00abReina del Tru\u00e9bano\u00bb en Lorient. | <a href=\"https:\/\/www.lne.es\/oviedo\/2025\/11\/02\/ciudad-francesa-da-total-apoyo-123279104.html\">LNE<\/a><\/p>\n<p><!--more--><\/p>\n<p>La candidatura d&#8217;Uvi\u00e9u a Capital Europea de la Cultura en 2031<strong> sigui sumando sofitos de pesu nel panorama internacional.<\/strong> El postreru n&#8217;amosar el so respaldu foi l&#8217;alcalde de Lorient, Fabrice Loher, quien unvi\u00f3 una carta oficial al rexidor uvie\u00edn, Alfredo Canteli, na qu&#8217;espresa&#8217;l firme sofito\u00bb de la ciud\u00e1 bretona a l&#8217;aspiraci\u00f3n carbayona de convertise en referente cultural europ\u00e9u dientro de seis a\u00f1os.<\/p>\n<p>Na so misiva, fechada&#8217;l pas\u00e1u 13 d&#8217;ochobre na ciud\u00e1 francesa, Loher<strong> destaca los venceyos fondos\u00bb que xunen a Lorient y Uvi\u00e9u<\/strong>, encimentaos na so pertenencia com\u00fan al espaciu interc\u00e9lticu\u00bb y n&#8217;una \u00abvisi\u00f3n compartida d&#8217;una Europa de la cultura y la diversid\u00e1\u00bb. El mandatariu franc\u00e9s sorraya am\u00e1s que la capital asturiana \u00abencarna con fuerza uno identid\u00e1 celta viva, enraigonada nes sos tradiciones musicales, lling\u00fc\u00edstiques y art\u00edstiques\u00bb.<\/p>\n<p>Lorient ye mundialmente conocida pol so Festival Interc\u00e9lticu, qu&#8217;axunta cada branu a miles de m\u00fasicos, baillarinos y artistes procedentes de los territorios celtes d&#8217;Europa, ente ellos una nutrida representaci\u00f3n asturiana. Nesi contestu, l&#8217;alcalde bret\u00f3n destaca la volunt\u00e1 de la so ciud\u00e1 de siguir reforzando los llazos ente les naciones celtes y avanza la so disposici\u00f3n a participar en futures iniciatives interc\u00e9ltices que surdan de la candidatura uvieina. \u00abVa Ser un placer concretu\u00bb, a\u00f1ede nuna nota manuscrita a la fin de la carta, como amuesa de cercan\u00eda y entusiasmu.<\/p>\n<p>El respaldu de Lorient tien un valor especial por tratase d&#8217;una ciud\u00e1 que constit\u00fai unu de los grandes epicentros de la cultura celta nel continente y que caltien estrechos llazos con Asturies dende va d\u00e9cades. Am\u00e1s, Fabrice Loher ye xuna figura pol\u00edtica de relieve en Francia: antes de ser escoy\u00edu alcalde de Lorient en 2020, ocup\u00f3 diversos cargos institucionales y, de volao, el puestu de ministru deleg\u00e1u del Gobiernu franc\u00e9s en 2024. El so sofitu representa, poro, una importante llombarada diplom\u00e1tica y cultural pa la candidatura liderada por Alfredo Canteli, que busca asitiar a Uvi\u00e9u nel mapa europ\u00e9u de la creaci\u00f3n contemporanea.<\/p>\n<p>La carta llega nun momentu clave pal proyectu, que&#8217;l so equipu trabaya contrarrel\u00f3 p&#8217;apurrir n&#8217;avientu&#8217;l dossier de candidatura, primer pasu pa superar la corte inicial que va determinar, a empiezos de 2026, qu\u00e9 ciudaes pasen a la fase final del procesu.<\/p>\n<p>Nes \u00faltimes selmanes, el Conceyu anunci\u00f3 la incorporaci\u00f3n de dos nuevos comisaries al equipu que redacta la propuesta: Sem\u00edramis Gonz\u00e1lez, directora de Llaboral Centru d&#8217;Arte y Creaci\u00f3n Industrial, y Dido Carrero Mu\u00f1iz, bi\u00f3loga, investigadora y comisaria independiente. Con elles, el grupu algama les diez persones, toes elles con perfiles de reconoc\u00edu prest\u00edu en campos que van dende la lliteratura hasta les artes esc\u00e9niques, l&#8217;arquitectura o la moced\u00e1.<\/p>\n<p>El retu, sicas\u00ed, <strong>nun va ser senciellu.<\/strong> Am\u00e1s de la capital asturiana, otres once ciudaes espa\u00f1oles amosaron el so inter\u00e9s n&#8217;allugar el t\u00edtulu de Capital Europea de la Cultura 2031: Granada, Xerez de la Frontera, Pamplona, Burgos, Toledo, C\u00e1ceres, Les Palmes de Gran Canaria, Palma de Mallorca, Vitoria y Lli\u00f3n. Toes elles peracaben tami\u00e9n les sos propuestes para presentales \u00e9nte&#8217;l xur\u00e1u de la Comisi\u00f3n Europea.<\/p>\n<p>El t\u00edtulu, qu&#8217;en 2030 van ostentar les ciudaes de Leuven (B\u00e9lxica), Nik\u0161i\u0107 (Montenegro) y xuna localid\u00e1 ent\u00e1 por decidir en Chipre, representa xuna oportunid\u00e1 \u00fanica pa impulsar la proyecci\u00f3n internacional d&#8217;Uvi\u00e9u y reforzar les sos aliances culturales.<\/p>\n","protected":false},"excerpt":{"rendered":"<p>La ciud\u00e1 francesa que da&#8217;l so total sofitu por qu&#8217;Uvi\u00e9u s\u00eda Capital Europea de la Cultura 2031. La ciud\u00e1 asturiana \u00abencarna con fuerza una identid\u00e1 celta viva\u00bb, asegura l&#8217;alcalde de la localid\u00e1 gala al travi\u00e9s d&#8217;una carta. Actuaci\u00f3n de la banda \u00abReina del Tru\u00e9bano\u00bb en Lorient. | LNE<\/p>\n","protected":false},"author":117,"featured_media":0,"comment_status":"closed","ping_status":"closed","sticky":false,"template":"","format":"standard","meta":{"footnotes":""},"categories":[38,33],"tags":[],"class_list":["post-63305","post","type-post","status-publish","format-standard","hentry","category-cultura","category-uvieu"],"_links":{"self":[{"href":"https:\/\/edublog.educastur.es\/ixuxu\/wp-json\/wp\/v2\/posts\/63305","targetHints":{"allow":["GET"]}}],"collection":[{"href":"https:\/\/edublog.educastur.es\/ixuxu\/wp-json\/wp\/v2\/posts"}],"about":[{"href":"https:\/\/edublog.educastur.es\/ixuxu\/wp-json\/wp\/v2\/types\/post"}],"author":[{"embeddable":true,"href":"https:\/\/edublog.educastur.es\/ixuxu\/wp-json\/wp\/v2\/users\/117"}],"replies":[{"embeddable":true,"href":"https:\/\/edublog.educastur.es\/ixuxu\/wp-json\/wp\/v2\/comments?post=63305"}],"version-history":[{"count":3,"href":"https:\/\/edublog.educastur.es\/ixuxu\/wp-json\/wp\/v2\/posts\/63305\/revisions"}],"predecessor-version":[{"id":63308,"href":"https:\/\/edublog.educastur.es\/ixuxu\/wp-json\/wp\/v2\/posts\/63305\/revisions\/63308"}],"wp:attachment":[{"href":"https:\/\/edublog.educastur.es\/ixuxu\/wp-json\/wp\/v2\/media?parent=63305"}],"wp:term":[{"taxonomy":"category","embeddable":true,"href":"https:\/\/edublog.educastur.es\/ixuxu\/wp-json\/wp\/v2\/categories?post=63305"},{"taxonomy":"post_tag","embeddable":true,"href":"https:\/\/edublog.educastur.es\/ixuxu\/wp-json\/wp\/v2\/tags?post=63305"}],"curies":[{"name":"wp","href":"https:\/\/api.w.org\/{rel}","templated":true}]}}