{"id":63312,"date":"2025-12-10T08:30:51","date_gmt":"2025-12-10T06:30:51","guid":{"rendered":"https:\/\/edublog.educastur.es\/ixuxu\/?p=63312"},"modified":"2025-12-10T12:28:53","modified_gmt":"2025-12-10T10:28:53","slug":"el-tiempu-el-comercio-206","status":"publish","type":"post","link":"https:\/\/edublog.educastur.es\/ixuxu\/2025\/12\/el-tiempu-el-comercio-206\/","title":{"rendered":"El tiempu (El Comercio)"},"content":{"rendered":"<p style=\"text-align: center\"><a href=\"https:\/\/s2.ppllstatics.com\/elcomercio\/www\/multimedia\/2025\/12\/09\/prevision-tiempo-asturias-kbMG-U2302588077118HVD-1200x870@El%20Comercio.jpg\"><img loading=\"lazy\" decoding=\"async\" class=\"aligncenter size-large\" src=\"https:\/\/s2.ppllstatics.com\/elcomercio\/www\/multimedia\/2025\/12\/09\/prevision-tiempo-asturias-kbMG-U2302588077118HVD-1200x870@El%20Comercio.jpg\" width=\"1200\" height=\"870\" \/><\/a><\/p>\n<p>Vamos amanecer con cielos pocu nublos nel occidente y con nubosid\u00e1 escontra l&#8217;oriente. Ello ye que nesti sector esperen ag\u00fces mientres la ma\u00f1ana que van tender a unviar a lo llargo de la tarde. <strong>La nubosid\u00e1<\/strong> va dir retir\u00e1ndose pel este del Princip\u00e1u polo que se van dir abriendo claros hasta quedar toa Asturies pr\u00e1cticamente con cielos estenos a la fin del d\u00eda.<strong> Los vientos<\/strong> van ser fluexos polo que nada van tener que ver coles fuertes raches del martes que llegaron a rexistrar los 134 km\/h en Picos d&#8217;Europa. <strong>Les temperatures m\u00e1ximes<\/strong>, por cuenta de la ausencia de vientos de sur, van baxar de forma xeneralizada. Esti descensu va rondar ente los 3 y 5 \u00baC menos en cualquier puntu de la Comunid\u00e1 Aut\u00f3noma. <strong>Les temperatures m\u00ednimes<\/strong> tami\u00e9n van baxar en tol Princip\u00e1u pero lo fadr\u00e1n de forma notable nel interior oriental.<\/p>\n<p><!--more--><\/p>\n<p>El xueves esperamos tiempu estable con cielos pocu nublos polo xeneral. A lo sumo, van entrar pel oeste intervalos de nubes medies y altes mientres la segunda parte del d\u00eda, pero nun van dexar ag\u00fces. Los vientos van soplar de sur moderaos y les temperatures m\u00e1ximes, gracies a ellos y a un mayor solazu, van xubir ente 2 y 3 \u00baC.<\/p>\n","protected":false},"excerpt":{"rendered":"<p>Vamos amanecer con cielos pocu nublos nel occidente y con nubosid\u00e1 escontra l&#8217;oriente. Ello ye que nesti sector esperen ag\u00fces mientres la ma\u00f1ana que van tender a unviar a lo llargo de la tarde. La nubosid\u00e1 va dir retir\u00e1ndose pel este del Princip\u00e1u polo que se van dir abriendo claros hasta quedar toa Asturies pr\u00e1cticamente [&hellip;]<\/p>\n","protected":false},"author":117,"featured_media":0,"comment_status":"closed","ping_status":"closed","sticky":false,"template":"","format":"standard","meta":{"footnotes":""},"categories":[5],"tags":[],"class_list":["post-63312","post","type-post","status-publish","format-standard","hentry","category-tiempu"],"_links":{"self":[{"href":"https:\/\/edublog.educastur.es\/ixuxu\/wp-json\/wp\/v2\/posts\/63312","targetHints":{"allow":["GET"]}}],"collection":[{"href":"https:\/\/edublog.educastur.es\/ixuxu\/wp-json\/wp\/v2\/posts"}],"about":[{"href":"https:\/\/edublog.educastur.es\/ixuxu\/wp-json\/wp\/v2\/types\/post"}],"author":[{"embeddable":true,"href":"https:\/\/edublog.educastur.es\/ixuxu\/wp-json\/wp\/v2\/users\/117"}],"replies":[{"embeddable":true,"href":"https:\/\/edublog.educastur.es\/ixuxu\/wp-json\/wp\/v2\/comments?post=63312"}],"version-history":[{"count":1,"href":"https:\/\/edublog.educastur.es\/ixuxu\/wp-json\/wp\/v2\/posts\/63312\/revisions"}],"predecessor-version":[{"id":63313,"href":"https:\/\/edublog.educastur.es\/ixuxu\/wp-json\/wp\/v2\/posts\/63312\/revisions\/63313"}],"wp:attachment":[{"href":"https:\/\/edublog.educastur.es\/ixuxu\/wp-json\/wp\/v2\/media?parent=63312"}],"wp:term":[{"taxonomy":"category","embeddable":true,"href":"https:\/\/edublog.educastur.es\/ixuxu\/wp-json\/wp\/v2\/categories?post=63312"},{"taxonomy":"post_tag","embeddable":true,"href":"https:\/\/edublog.educastur.es\/ixuxu\/wp-json\/wp\/v2\/tags?post=63312"}],"curies":[{"name":"wp","href":"https:\/\/api.w.org\/{rel}","templated":true}]}}