{"id":63329,"date":"2025-12-10T18:10:34","date_gmt":"2025-12-10T16:10:34","guid":{"rendered":"https:\/\/edublog.educastur.es\/ixuxu\/?p=63329"},"modified":"2025-12-10T20:45:58","modified_gmt":"2025-12-10T18:45:58","slug":"63329","status":"publish","type":"post","link":"https:\/\/edublog.educastur.es\/ixuxu\/2025\/12\/63329\/","title":{"rendered":"Profe reconoc\u00edu con dos prestixosos premios internacionales de fotograf\u00eda"},"content":{"rendered":"<p>El profesor asturianu Mario Su\u00e1rez Porras gana dos premios internacionales de fotograf\u00eda en retratando aves del Neotr\u00f3pico. Con m\u00e1s de cien premios internacionales, compaxina&#8217;l so llabor docente cola so pasi\u00f3n pola fotograf\u00eda d&#8217;aves, una afici\u00f3n que comparte dende ne\u00f1u. <a href=\"https:\/\/www.lne.es\/asturias\/2025\/12\/09\/profesor-asturiano-mario-suarez-porras-124614059.html?fbclid=IwY2xjawOmnbRleHRuA2FlbQIxMABicmlkETBUcklyVnUzYWI4eUQzdzJSc3J0YwZhcHBfaWQQMjIyMDM5MTc4ODIwMDg5MgABHpKItGKVV6cuFboOpdBCSkCVAC693I4aH267_dY0KefYvHQcrd2N4BOzY5tK_aem_K7emFQCEFHnu4c_2zNRvKw&amp;utm_campaign=mrf-facebook-nuevaespana&amp;mrfcid=2025120969386b17c43d064135a6e5a1\">LNE<\/a><\/p>\n<p style=\"text-align: center\"><a href=\"https:\/\/estaticos-cdn.prensaiberica.es\/clip\/9bd10201-8730-424c-9ee7-503a2dbe6956_source-aspect-ratio_default_0.webp\"><img loading=\"lazy\" decoding=\"async\" class=\"aligncenter size-large\" src=\"https:\/\/estaticos-cdn.prensaiberica.es\/clip\/9bd10201-8730-424c-9ee7-503a2dbe6956_source-aspect-ratio_default_0.webp\" width=\"1920\" height=\"1280\" \/><\/a><\/p>\n<p>Xoyes del Neotr\u00f3pico<\/p>\n<p><!--more--><br \/>\nMario Su\u00e1rez, profesor de Primaria nel colexu Duce Nome de Jes\u00fas (Dominiques) d&#8217;Uvi\u00e9u, <strong>foi reconoc\u00edu con dos prestixosos premios internacionales de fotograf\u00eda<\/strong>, consolidando una trayectoria que y\u00e1 algama&#8217;l centenar de galardones en certames de too el mundu.<\/p>\n<p>El primeru de les reconocencies lleg\u00f3 dende&#8217;l festival NaturaJazz, celebr\u00e1u apocay\u00e1 en Tenerife, onde l&#8217;asturianu foi unu de los diez premiaos ente cientos de participantes. Cada fot\u00f3grafu ten\u00eda de presentar un conxuntu de cien imaxes de tem\u00e1tica llibre, y Su\u00e1rez Porras opt\u00f3 por<strong> una colecci\u00f3n centrada en semeyes d&#8217;aves del Neotr\u00f3pico, frutu de dos viaxes realizaos a Colombia y Panam\u00e1.<\/strong> \u00abL&#8217;a\u00f1u pas\u00e1u tuvi en Colombia ya impresion\u00f3me la so fauna, asina qu&#8217;angua\u00f1o aprovech\u00e9 pa faer un viaxe por Panam\u00e1, ente los dos consigu\u00ed faer una colecci\u00f3n que foi la que decid\u00ed presentar al certame\u00bb, esplica Su\u00e1rez Porres.<\/p>\n<p style=\"text-align: center\"><a href=\"https:\/\/estaticos-cdn.prensaiberica.es\/clip\/b0e077ee-c52e-4ec4-a2ea-616455075d69_source-aspect-ratio_default_0.webp\"><img loading=\"lazy\" decoding=\"async\" class=\"aligncenter size-large\" src=\"https:\/\/estaticos-cdn.prensaiberica.es\/clip\/b0e077ee-c52e-4ec4-a2ea-616455075d69_source-aspect-ratio_default_0.webp\" width=\"1920\" height=\"1280\" \/><\/a><\/p>\n<p>Dos d&#8217;estes fotograf\u00edes (xuna d&#8217;elles acompa\u00f1a esta informaci\u00f3n) fueron escoy\u00edes pa incorporase al arquivu hist\u00f3ricu del Mus\u00e9u de Naturaleza y Arqueolox\u00eda de Tenerife (MUNA) y proxect\u00e1ronse mientres les actuaciones musicales del festival. \u00abFoi bien especial ver les mios imaxes mientres tocaben los m\u00fasicos\u00bb, reconoz el docente.<\/p>\n<p>Ese mesma fin de selmana, Su\u00e1rez Porres recibi\u00f3 otra noticia bien importante pa \u00e9l: fuera premi\u00e1u nel concursu fotogr\u00e1ficu Birdo, celebr\u00e1u en*Budapest. \u00ab<em>F\u00edxome especial ilusi\u00f3n, porque yera la primer vegada que participaba y consigu\u00ed nada menos que tr\u00e9s premios\u00bb<\/em>, esplica.<\/p>\n<p>El fot\u00f3grafu llogr\u00f3 un segundu premiu, un tercer premiu y xuna menci\u00f3n d&#8217;honor, distinciones que refuercen la so posici\u00f3n como xuno de los fot\u00f3grafos espa\u00f1oles m\u00e1s reconoc\u00edos nel \u00e1mbitu de la naturaleza.<\/p>\n<p style=\"text-align: center\"><a href=\"https:\/\/estaticos-cdn.prensaiberica.es\/clip\/ef700490-b39a-4221-8eab-99bb80e4dd37_16-9-aspect-ratio_default_1420735.webp\"><img loading=\"lazy\" decoding=\"async\" class=\"aligncenter size-large\" src=\"https:\/\/estaticos-cdn.prensaiberica.es\/clip\/ef700490-b39a-4221-8eab-99bb80e4dd37_16-9-aspect-ratio_default_1420735.webp\" width=\"880\" height=\"495\" \/><\/a><\/p>\n<p>Con esti nuevu \u00e9situ, el profesor algama los 100 premios internacionales, una cifra que simboliza d\u00e9cades de dedicaci\u00f3n a la so gran pasi\u00f3n: les aves. \u00abSiempres me gustaron los p\u00e1xaros, dende ne\u00f1u. Ye una afici\u00f3n qu&#8217;hered\u00e9 del mio padre y tami\u00e9n influyida por F\u00e9lix Rodr\u00edguez de la Fonte\u00bb, comenta con humor.<\/p>\n<p>Am\u00e1s del so llabor docente y fotogr\u00e1fico, Su\u00e1rez Porres ye presidente de l&#8217;<strong>Asociaci\u00f3n de Fot\u00f3grafos de Naturaleza d&#8217;Asturies (AFONA)<\/strong>, dende onde impulsa actividaes formatives y divulgatives. Na aula, procura tresmitir al so alumn\u00e1u l&#8217;inter\u00e9s pola biodiversid\u00e1 y el respetu pol mediu natural. \u00abIntentu qu&#8217;afayen la guapura del mundu que nos arrodia; la fotograf\u00eda ye una ferramienta perfecto pa ello\u00bb, afirma&#8217;l profesor, convenc\u00edu del papel qu&#8217;estes disciplines pueden desempe\u00f1ar na educaci\u00f3n.<\/p>\n","protected":false},"excerpt":{"rendered":"<p>El profesor asturianu Mario Su\u00e1rez Porras gana dos premios internacionales de fotograf\u00eda en retratando aves del Neotr\u00f3pico. Con m\u00e1s de cien premios internacionales, compaxina&#8217;l so llabor docente cola so pasi\u00f3n pola fotograf\u00eda d&#8217;aves, una afici\u00f3n que comparte dende ne\u00f1u. LNE Xoyes del Neotr\u00f3pico<\/p>\n","protected":false},"author":117,"featured_media":0,"comment_status":"closed","ping_status":"closed","sticky":false,"template":"","format":"standard","meta":{"footnotes":""},"categories":[74,17],"tags":[],"class_list":["post-63329","post","type-post","status-publish","format-standard","hentry","category-certame","category-semeyes"],"_links":{"self":[{"href":"https:\/\/edublog.educastur.es\/ixuxu\/wp-json\/wp\/v2\/posts\/63329","targetHints":{"allow":["GET"]}}],"collection":[{"href":"https:\/\/edublog.educastur.es\/ixuxu\/wp-json\/wp\/v2\/posts"}],"about":[{"href":"https:\/\/edublog.educastur.es\/ixuxu\/wp-json\/wp\/v2\/types\/post"}],"author":[{"embeddable":true,"href":"https:\/\/edublog.educastur.es\/ixuxu\/wp-json\/wp\/v2\/users\/117"}],"replies":[{"embeddable":true,"href":"https:\/\/edublog.educastur.es\/ixuxu\/wp-json\/wp\/v2\/comments?post=63329"}],"version-history":[{"count":3,"href":"https:\/\/edublog.educastur.es\/ixuxu\/wp-json\/wp\/v2\/posts\/63329\/revisions"}],"predecessor-version":[{"id":63332,"href":"https:\/\/edublog.educastur.es\/ixuxu\/wp-json\/wp\/v2\/posts\/63329\/revisions\/63332"}],"wp:attachment":[{"href":"https:\/\/edublog.educastur.es\/ixuxu\/wp-json\/wp\/v2\/media?parent=63329"}],"wp:term":[{"taxonomy":"category","embeddable":true,"href":"https:\/\/edublog.educastur.es\/ixuxu\/wp-json\/wp\/v2\/categories?post=63329"},{"taxonomy":"post_tag","embeddable":true,"href":"https:\/\/edublog.educastur.es\/ixuxu\/wp-json\/wp\/v2\/tags?post=63329"}],"curies":[{"name":"wp","href":"https:\/\/api.w.org\/{rel}","templated":true}]}}