{"id":63361,"date":"2025-12-10T20:00:49","date_gmt":"2025-12-10T18:00:49","guid":{"rendered":"https:\/\/edublog.educastur.es\/ixuxu\/?p=63361"},"modified":"2025-12-10T22:36:59","modified_gmt":"2025-12-10T20:36:59","slug":"profesores-dasturianu-y-eonaviegu-van-al-congresu-a-pidir-la-especialida-docente","status":"publish","type":"post","link":"https:\/\/edublog.educastur.es\/ixuxu\/2025\/12\/profesores-dasturianu-y-eonaviegu-van-al-congresu-a-pidir-la-especialida-docente\/","title":{"rendered":"Profesores d&#8217;asturianu y eonaviegu van al Congresu a pidir la especialid\u00e1 docente"},"content":{"rendered":"<p class=\"font-size-xxl margin-b-5 font-weight-b color-b-050 letter-spacing--1 fuente-corporativa\" style=\"text-align: center\"><a href=\"https:\/\/www.rtpa.es\/noticias-asturias-ast\/2025-12-10\/Profesores-d'asturianu-y-eonaviegu-van-al-Congresu-a-pidir-la-especialida-docente_111765371480.html\">Profesores d&#8217;asturianu y eonaviegu van al Congresu a pidir la especialid\u00e1 docente.\u00a0<\/a><br \/>\nRafa Cofi\u00f1o comprom\u00e9tese a mediar col Gobiernu central.<\/p>\n<p style=\"text-align: center\"><a href=\"https:\/\/www.rtpa.es\/fotos\/\/25\/12\/20251210135701_RTPA7453865.webp\"><img loading=\"lazy\" decoding=\"async\" class=\"aligncenter size-large\" src=\"https:\/\/www.rtpa.es\/fotos\/\/25\/12\/20251210135701_RTPA7453865.webp\" width=\"853\" height=\"480\" \/><\/a><\/p>\n<p>Representantes de los profesores d\u2019asturianu y eonaviegu aconceyaron esta ma\u00f1ana nel Congresu col grupu parllamentariu de Sumar pa reclamar les especialidaes docentes de les dos lling\u00fces. Aseguren que nam\u00e1s depende del camb\u00e9u de dos reales decretos.\u00a0Rafa Cofi\u00f1o comprometi\u00f3se a mediar col Gobiernu central.<\/p>\n","protected":false},"excerpt":{"rendered":"<p>Profesores d&#8217;asturianu y eonaviegu van al Congresu a pidir la especialid\u00e1 docente.\u00a0 Rafa Cofi\u00f1o comprom\u00e9tese a mediar col Gobiernu central. Representantes de los profesores d\u2019asturianu y eonaviegu aconceyaron esta ma\u00f1ana nel Congresu col grupu parllamentariu de Sumar pa reclamar les especialidaes docentes de les dos lling\u00fces. Aseguren que nam\u00e1s depende del camb\u00e9u de dos reales [&hellip;]<\/p>\n","protected":false},"author":117,"featured_media":0,"comment_status":"closed","ping_status":"closed","sticky":false,"template":"","format":"standard","meta":{"footnotes":""},"categories":[44],"tags":[],"class_list":["post-63361","post","type-post","status-publish","format-standard","hentry","category-asturianu"],"_links":{"self":[{"href":"https:\/\/edublog.educastur.es\/ixuxu\/wp-json\/wp\/v2\/posts\/63361","targetHints":{"allow":["GET"]}}],"collection":[{"href":"https:\/\/edublog.educastur.es\/ixuxu\/wp-json\/wp\/v2\/posts"}],"about":[{"href":"https:\/\/edublog.educastur.es\/ixuxu\/wp-json\/wp\/v2\/types\/post"}],"author":[{"embeddable":true,"href":"https:\/\/edublog.educastur.es\/ixuxu\/wp-json\/wp\/v2\/users\/117"}],"replies":[{"embeddable":true,"href":"https:\/\/edublog.educastur.es\/ixuxu\/wp-json\/wp\/v2\/comments?post=63361"}],"version-history":[{"count":1,"href":"https:\/\/edublog.educastur.es\/ixuxu\/wp-json\/wp\/v2\/posts\/63361\/revisions"}],"predecessor-version":[{"id":63362,"href":"https:\/\/edublog.educastur.es\/ixuxu\/wp-json\/wp\/v2\/posts\/63361\/revisions\/63362"}],"wp:attachment":[{"href":"https:\/\/edublog.educastur.es\/ixuxu\/wp-json\/wp\/v2\/media?parent=63361"}],"wp:term":[{"taxonomy":"category","embeddable":true,"href":"https:\/\/edublog.educastur.es\/ixuxu\/wp-json\/wp\/v2\/categories?post=63361"},{"taxonomy":"post_tag","embeddable":true,"href":"https:\/\/edublog.educastur.es\/ixuxu\/wp-json\/wp\/v2\/tags?post=63361"}],"curies":[{"name":"wp","href":"https:\/\/api.w.org\/{rel}","templated":true}]}}