{"id":63368,"date":"2025-12-11T08:32:19","date_gmt":"2025-12-11T06:32:19","guid":{"rendered":"https:\/\/edublog.educastur.es\/ixuxu\/?p=63368"},"modified":"2025-12-11T10:35:31","modified_gmt":"2025-12-11T08:35:31","slug":"el-tiempu-el-comercio-207","status":"publish","type":"post","link":"https:\/\/edublog.educastur.es\/ixuxu\/2025\/12\/el-tiempu-el-comercio-207\/","title":{"rendered":"El tiempu (El Comercio)"},"content":{"rendered":"<p style=\"text-align: center\"><a href=\"https:\/\/s2.ppllstatics.com\/elcomercio\/www\/multimedia\/2025\/12\/10\/prevision-tiempo-asturias-kGvB-U2302588077118HVD-1200x870@El%20Comercio.jpg\"><img loading=\"lazy\" decoding=\"async\" class=\"aligncenter size-large\" src=\"https:\/\/s2.ppllstatics.com\/elcomercio\/www\/multimedia\/2025\/12\/10\/prevision-tiempo-asturias-kGvB-U2302588077118HVD-1200x870@El%20Comercio.jpg\" width=\"1200\" height=\"870\" \/><\/a><\/p>\n<p>Esperamos <strong>una ma\u00f1ana<\/strong> soleyera en tol Princip\u00e1u. Nam\u00e1 podr\u00eden vese delles nubes na zona sur del cordal. <strong>A lo llargo de la tard<\/strong>e van dir entrando nubes medies y altes pel oeste que se van dir estendiendo por tola rex\u00f3n. <strong>A \u00faltima hora del d\u00eda<\/strong> nun se refuguen delles precipitaciones nel estremu m\u00e1s occidental por cuenta de la llegada d&#8217;un frente fr\u00edu que va afectar de llenu na madrugada. <strong>Los vientos<\/strong> van soplar de componente sur moderaos con posibilid\u00e1 de raches localmente fuertes nel oeste y en zones altes del cordal. <strong>Les temperatures m\u00e1ximes<\/strong> van xubir de forma xeneralizada pero l&#8217;ascensu va ser m\u00e1s significativu cuantu m\u00e1s nos movamos escontra la mari\u00f1a (entre 3 y 4 \u00baC respectu al mi\u00e9rcoles). <strong>Les m\u00ednimes<\/strong> apenes van esperimentar variaciones, pudiendo nam\u00e1 producise dellos descensos llixeros y locales na mari\u00f1a oriental.<\/p>\n<p><!--more--><\/p>\n<p><strong>El vienres<\/strong> va ser un d\u00eda carg\u00e1u de nubes que van dexar precipitaciones d\u00e9biles pero persistentes. Les temperatures van baxar nel casu de les m\u00e1ximes y van xubir nel de les m\u00ednimes. Los vientos van ser fluexos y van acabar afit\u00e1ndose de noroeste. Prevese nieve a partir de los 1300 o 1400 metros d&#8217;altor aprosimao. Para concluyir la selmana, esperamos una fin de selmana soleyera n&#8217;Asturies.<\/p>\n","protected":false},"excerpt":{"rendered":"<p>Esperamos una ma\u00f1ana soleyera en tol Princip\u00e1u. Nam\u00e1 podr\u00eden vese delles nubes na zona sur del cordal. A lo llargo de la tarde van dir entrando nubes medies y altes pel oeste que se van dir estendiendo por tola rex\u00f3n. A \u00faltima hora del d\u00eda nun se refuguen delles precipitaciones nel estremu m\u00e1s occidental por [&hellip;]<\/p>\n","protected":false},"author":117,"featured_media":0,"comment_status":"closed","ping_status":"closed","sticky":false,"template":"","format":"standard","meta":{"footnotes":""},"categories":[5],"tags":[],"class_list":["post-63368","post","type-post","status-publish","format-standard","hentry","category-tiempu"],"_links":{"self":[{"href":"https:\/\/edublog.educastur.es\/ixuxu\/wp-json\/wp\/v2\/posts\/63368","targetHints":{"allow":["GET"]}}],"collection":[{"href":"https:\/\/edublog.educastur.es\/ixuxu\/wp-json\/wp\/v2\/posts"}],"about":[{"href":"https:\/\/edublog.educastur.es\/ixuxu\/wp-json\/wp\/v2\/types\/post"}],"author":[{"embeddable":true,"href":"https:\/\/edublog.educastur.es\/ixuxu\/wp-json\/wp\/v2\/users\/117"}],"replies":[{"embeddable":true,"href":"https:\/\/edublog.educastur.es\/ixuxu\/wp-json\/wp\/v2\/comments?post=63368"}],"version-history":[{"count":1,"href":"https:\/\/edublog.educastur.es\/ixuxu\/wp-json\/wp\/v2\/posts\/63368\/revisions"}],"predecessor-version":[{"id":63369,"href":"https:\/\/edublog.educastur.es\/ixuxu\/wp-json\/wp\/v2\/posts\/63368\/revisions\/63369"}],"wp:attachment":[{"href":"https:\/\/edublog.educastur.es\/ixuxu\/wp-json\/wp\/v2\/media?parent=63368"}],"wp:term":[{"taxonomy":"category","embeddable":true,"href":"https:\/\/edublog.educastur.es\/ixuxu\/wp-json\/wp\/v2\/categories?post=63368"},{"taxonomy":"post_tag","embeddable":true,"href":"https:\/\/edublog.educastur.es\/ixuxu\/wp-json\/wp\/v2\/tags?post=63368"}],"curies":[{"name":"wp","href":"https:\/\/api.w.org\/{rel}","templated":true}]}}