{"id":63402,"date":"2026-01-01T08:55:13","date_gmt":"2026-01-01T06:55:13","guid":{"rendered":"https:\/\/edublog.educastur.es\/ixuxu\/?p=63402"},"modified":"2025-12-11T11:25:59","modified_gmt":"2025-12-11T09:25:59","slug":"63402","status":"publish","type":"post","link":"https:\/\/edublog.educastur.es\/ixuxu\/2026\/01\/63402\/","title":{"rendered":"Calendariu: \u00abTiempu de Muyeres, Muyeres nel Tiempu\u00bb"},"content":{"rendered":"<p style=\"text-align: center\"><a href=\"https:\/\/i0.wp.com\/organizaciondemujeres.org\/wp-content\/uploads\/2025\/11\/01enero26.jpg?fit=1034%2C1447\"><img loading=\"lazy\" decoding=\"async\" class=\"aligncenter size-large\" src=\"https:\/\/i0.wp.com\/organizaciondemujeres.org\/wp-content\/uploads\/2025\/11\/01enero26.jpg?fit=1034%2C1447\" width=\"1034\" height=\"1447\" \/><\/a><\/p>\n<ul>\n<li>Ilustradora <a href=\"https:\/\/www.instagram.com\/pamranilla\/\" target=\"_blank\" rel=\"noopener\">Pamela Espinoza Ranilla<\/a>, graduada en la <a href=\"https:\/\/bellasartesuclm.com\/\" target=\"_blank\" rel=\"noopener\">Facultad de Bellas Artes de Cuenca<\/a><\/li>\n<\/ul>\n<p><em>Nesti calendariu, Pamela trabay\u00f3 interpretando ya incluyendo elementos que recuerden, sux\u00farennos o nos enllacen a ca\u00fana de les muyeres que son representaes cada mes, a la so obra y les sos caracter\u00edstiques y peculiaridaes.<\/em><\/p>\n<p><em><strong>Tiempu de Muyeres, Muyeres nel Tiempu<\/strong>\u00a0 publ\u00edcase en seis lling\u00fces: castell\u00e1n, catal\u00e1n para Illes Balears, valenci\u00e0, galego<strong> asturianu<\/strong>, y n&#8217;aragon\u00e9s, llegando a los 80.000 exemplares. El nuesu calendariu tien una peralta demanda, sobremanera ente personal docente y centros educativos. Esti material ye, dende los sos entamos, d&#8217;espardimientu gratuitu, ta realiz\u00e1u en papel d&#8217;alta calid\u00e1 y gramaxe pa realzar el trabayu art\u00edsticu y facilitar el so manexu diariu, y dispon de llicencia Creative Common, polo que puede espublizase y reproducir respetando los t\u00e9rminos de felicid\u00e1 llicencia.<\/em><\/p>\n","protected":false},"excerpt":{"rendered":"<p>Ilustradora Pamela Espinoza Ranilla, graduada en la Facultad de Bellas Artes de Cuenca Nesti calendariu, Pamela trabay\u00f3 interpretando ya incluyendo elementos que recuerden, sux\u00farennos o nos enllacen a ca\u00fana de les muyeres que son representaes cada mes, a la so obra y les sos caracter\u00edstiques y peculiaridaes. Tiempu de Muyeres, Muyeres nel Tiempu\u00a0 publ\u00edcase en [&hellip;]<\/p>\n","protected":false},"author":117,"featured_media":0,"comment_status":"closed","ping_status":"closed","sticky":false,"template":"","format":"aside","meta":{"footnotes":""},"categories":[73,121],"tags":[],"class_list":["post-63402","post","type-post","status-publish","format-aside","hentry","category-calendariu","category-muyeres","post_format-post-format-aside"],"_links":{"self":[{"href":"https:\/\/edublog.educastur.es\/ixuxu\/wp-json\/wp\/v2\/posts\/63402","targetHints":{"allow":["GET"]}}],"collection":[{"href":"https:\/\/edublog.educastur.es\/ixuxu\/wp-json\/wp\/v2\/posts"}],"about":[{"href":"https:\/\/edublog.educastur.es\/ixuxu\/wp-json\/wp\/v2\/types\/post"}],"author":[{"embeddable":true,"href":"https:\/\/edublog.educastur.es\/ixuxu\/wp-json\/wp\/v2\/users\/117"}],"replies":[{"embeddable":true,"href":"https:\/\/edublog.educastur.es\/ixuxu\/wp-json\/wp\/v2\/comments?post=63402"}],"version-history":[{"count":4,"href":"https:\/\/edublog.educastur.es\/ixuxu\/wp-json\/wp\/v2\/posts\/63402\/revisions"}],"predecessor-version":[{"id":63428,"href":"https:\/\/edublog.educastur.es\/ixuxu\/wp-json\/wp\/v2\/posts\/63402\/revisions\/63428"}],"wp:attachment":[{"href":"https:\/\/edublog.educastur.es\/ixuxu\/wp-json\/wp\/v2\/media?parent=63402"}],"wp:term":[{"taxonomy":"category","embeddable":true,"href":"https:\/\/edublog.educastur.es\/ixuxu\/wp-json\/wp\/v2\/categories?post=63402"},{"taxonomy":"post_tag","embeddable":true,"href":"https:\/\/edublog.educastur.es\/ixuxu\/wp-json\/wp\/v2\/tags?post=63402"}],"curies":[{"name":"wp","href":"https:\/\/api.w.org\/{rel}","templated":true}]}}