{"id":63434,"date":"2025-12-11T09:00:03","date_gmt":"2025-12-11T07:00:03","guid":{"rendered":"https:\/\/edublog.educastur.es\/ixuxu\/?p=63434"},"modified":"2025-12-12T11:17:30","modified_gmt":"2025-12-12T09:17:30","slug":"dia-internacional-de-los-montes-5","status":"publish","type":"post","link":"https:\/\/edublog.educastur.es\/ixuxu\/2025\/12\/dia-internacional-de-los-montes-5\/","title":{"rendered":"D\u00eda Internacional de los Montes"},"content":{"rendered":"<p>Los montes \ud83c\udfd4\ufe0f cubren el 27% de la superficie del nuesu planeta y nelles viven 1.200 millones de persones \ud83d\udc68\u200d\ud83d\udc69\u200d\ud83d\udc67\u200d\ud83d\udc67 y el 25% de la biodiversid\u00e1 terrestre \ud83d\udc3bSon llar del 15% de la poblaci\u00f3n mundial y xeneren ente&#8217;l 60 y el 80% de l&#8217;agua duce\ud83d\udca7 que precisamos.\u00a0Son abelugu d&#8217;una enorme biodiversid\u00e1 \ud83c\udf31\ud83e\udd8c y el nuesu meyor ali\u00e1u frente al camb\u00e9u clim\u00e1ticu\ud83c\udf0d<a class=\"x1i10hfl xjbqb8w x1ejq31n x18oe1m7 x1sy0etr xstzfhl x972fbf x10w94by x1qhh985 x14e42zd x9f619 x1ypdohk xt0psk2 x3ct3a4 xdj266r x14z9mp xat24cr x1lziwak xexx8yu xyri2b x18d9i69 x1c1uobl x16tdsg8 x1hl2dhg xggy1nq x1a2a7pz _aa9_ _a6hd\" role=\"link\" href=\"https:\/\/www.instagram.com\/explore\/tags\/d%C3%ADainternacionaldelasmonta%C3%B1as\/\">#D\u00edaInternacionaldelasMonta\u00f1as<\/a><\/p>\n<p style=\"text-align: center\"><em><span class=\"x193iq5w xeuugli x13faqbe x1vvkbs xt0psk2 x1i0vuye xvs91rp xo1l8bm x5n08af x10wh9bi xpm28yp x8viiok x1o7cslx x126k92a\"><span class=\"html-span xexx8yu x4uap5 x18d9i69 xkhd6sd x1hl2dhg x16tdsg8 x1vvkbs x3nfvp2 x1j61x8r x1fcty0u xdj266r xat24cr xgzva0m xhhsvwb xxymvpz xlup9mm x1kky2od\">\n<!-- iframe plugin v.6.0 wordpress.org\/plugins\/iframe\/ -->\n<iframe loading=\"lazy\" src=\"https:\/\/www.instagram.com\/p\/DSHhKW5jY09\/embed\" width=\"500\" height=\"675\" 0=\"\/iframe\" scrolling=\"yes\" class=\"iframe-class\" frameborder=\"0\"><\/iframe>\n<\/span><\/span><\/em><\/p>\n<p><!--more--><\/p>\n<p>Los montes son sistemes vivos que sostienen una enorme riqueza natural y ayuden a caltener l&#8217;equilibriu del planeta.<\/p>\n<p style=\"text-align: center\">\n<!-- iframe plugin v.6.0 wordpress.org\/plugins\/iframe\/ -->\n<iframe loading=\"lazy\" src=\"https:\/\/www.facebook.com\/plugins\/post.php?href=https%3A%2F%2Fwww.facebook.com%2Ffundacionbiodiversidad%2Fposts%2Fpfbid02fPAR1WEtXv2euqE3G6Vk3yn6i6dGLQ5V4xF4diqjNvCdYWYoxuiWYiw4Fdd9FL6Ul&#038;show_text=false&#038;width=500\" width=\"500\" height=\"498\" style=\"border:none;overflow:hidden\" scrolling=\"no\" frameborder=\"0\" allowfullscreen=\"true\" allow=\"autoplay; clipboard-write; encrypted-media; picture-in-picture; web-share\" 0=\"\/iframe\" class=\"iframe-class\"><\/iframe>\n<\/p>\n<p>\ud83c\udf0d Curiales significa protexer l&#8217;agua, caltener los ecosistemes y asegurar el nuesu bienestar \ud83d\udc9a. <a href=\"https:\/\/scontent-mad1-1.xx.fbcdn.net\/v\/t39.30808-6\/597889253_1290331356465341_3770179743209701553_n.jpg?_nc_cat=102&amp;ccb=1-7&amp;_nc_sid=127cfc&amp;_nc_ohc=_SGpBSSSIU8Q7kNvwFje6AS&amp;_nc_oc=AdkS7KraD4StGXzQd6ao7LyK4mxhQzbHffVrJsdtxU2m49z9TFdLD8KQV-nHdAT0S8c&amp;_nc_zt=23&amp;_nc_ht=scontent-mad1-1.xx&amp;_nc_gid=H08VU34Q8xdz6UjxVH1TPw&amp;oh=00_AfkOJN9uIMdqy-jO-TMybjMonk07O5G9mLpRQPRnkDfTNQ&amp;oe=6940DF55\">Gr\u00e1ficu<\/a><\/p>\n<p style=\"text-align: center\">\n<!-- iframe plugin v.6.0 wordpress.org\/plugins\/iframe\/ -->\n<iframe loading=\"lazy\" src=\"https:\/\/www.facebook.com\/plugins\/post.php?href=https%3A%2F%2Fwww.facebook.com%2Ffundacionbiodiversidad%2Fposts%2Fpfbid02cmuZpow2jqhqYfwX58bXpwD4zVEQKaQxpzURt674TnjaXryWoy1vmodwYuDrA4ivl&#038;show_text=false&#038;width=500\" width=\"500\" height=\"498\" style=\"border:none;overflow:hidden\" scrolling=\"no\" frameborder=\"0\" allowfullscreen=\"true\" allow=\"autoplay; clipboard-write; encrypted-media; picture-in-picture; web-share\" 0=\"\/iframe\" class=\"iframe-class\"><\/iframe>\n<\/p>\n<p>N&#8217;Asturies, los montes non solo dibuxen el paisaxe: tami\u00e9n dan calter a la nuesa forma de vivir y de producir \ud83c\udfd4\ufe0f Son trubiecu de camperes, de ganader\u00edes familiares, de g\u00fcertes que desaf\u00eden la rimada y de productos \u00fanicos que nacen del esfuerzu y el respetu por una redolada privilex\u00e1u.<\/p>\n<p>En cada quesu de puertu, en cada miel d&#8217;altor, en cada mazana que maurez mirando al valle\u2026 hai un pedacito de monte asturianu. Un territoriu que curiamos, que nos alimenta y que fai posible los Alimentos del Para\u00edsu.<\/p>\n<p style=\"text-align: center\"><em><span class=\"x193iq5w xeuugli x13faqbe x1vvkbs xt0psk2 x1i0vuye xvs91rp xo1l8bm x5n08af x10wh9bi xpm28yp x8viiok x1o7cslx x126k92a\"><span class=\"html-span xexx8yu x4uap5 x18d9i69 xkhd6sd x1hl2dhg x16tdsg8 x1vvkbs x3nfvp2 x1j61x8r x1fcty0u xdj266r xat24cr xgzva0m xhhsvwb xxymvpz xlup9mm x1kky2od\">\n<!-- iframe plugin v.6.0 wordpress.org\/plugins\/iframe\/ -->\n<iframe loading=\"lazy\" src=\"https:\/\/www.instagram.com\/p\/DSHZ_myCvAb\/embed\" width=\"500\" height=\"675\" 0=\"\/iframe\" scrolling=\"yes\" class=\"iframe-class\" frameborder=\"0\"><\/iframe>\n<\/span><\/span><\/em><\/p>\n<p>&nbsp;<\/p>\n<p>&nbsp;<\/p>\n","protected":false},"excerpt":{"rendered":"<p>Los montes \ud83c\udfd4\ufe0f cubren el 27% de la superficie del nuesu planeta y nelles viven 1.200 millones de persones \ud83d\udc68\u200d\ud83d\udc69\u200d\ud83d\udc67\u200d\ud83d\udc67 y el 25% de la biodiversid\u00e1 terrestre \ud83d\udc3bSon llar del 15% de la poblaci\u00f3n mundial y xeneren ente&#8217;l 60 y el 80% de l&#8217;agua duce\ud83d\udca7 que precisamos.\u00a0Son abelugu d&#8217;una enorme biodiversid\u00e1 \ud83c\udf31\ud83e\udd8c y el nuesu [&hellip;]<\/p>\n","protected":false},"author":117,"featured_media":0,"comment_status":"closed","ping_status":"closed","sticky":false,"template":"","format":"standard","meta":{"footnotes":""},"categories":[6,311],"tags":[],"class_list":["post-63434","post","type-post","status-publish","format-standard","hentry","category-dia-de","category-montes"],"_links":{"self":[{"href":"https:\/\/edublog.educastur.es\/ixuxu\/wp-json\/wp\/v2\/posts\/63434","targetHints":{"allow":["GET"]}}],"collection":[{"href":"https:\/\/edublog.educastur.es\/ixuxu\/wp-json\/wp\/v2\/posts"}],"about":[{"href":"https:\/\/edublog.educastur.es\/ixuxu\/wp-json\/wp\/v2\/types\/post"}],"author":[{"embeddable":true,"href":"https:\/\/edublog.educastur.es\/ixuxu\/wp-json\/wp\/v2\/users\/117"}],"replies":[{"embeddable":true,"href":"https:\/\/edublog.educastur.es\/ixuxu\/wp-json\/wp\/v2\/comments?post=63434"}],"version-history":[{"count":6,"href":"https:\/\/edublog.educastur.es\/ixuxu\/wp-json\/wp\/v2\/posts\/63434\/revisions"}],"predecessor-version":[{"id":63460,"href":"https:\/\/edublog.educastur.es\/ixuxu\/wp-json\/wp\/v2\/posts\/63434\/revisions\/63460"}],"wp:attachment":[{"href":"https:\/\/edublog.educastur.es\/ixuxu\/wp-json\/wp\/v2\/media?parent=63434"}],"wp:term":[{"taxonomy":"category","embeddable":true,"href":"https:\/\/edublog.educastur.es\/ixuxu\/wp-json\/wp\/v2\/categories?post=63434"},{"taxonomy":"post_tag","embeddable":true,"href":"https:\/\/edublog.educastur.es\/ixuxu\/wp-json\/wp\/v2\/tags?post=63434"}],"curies":[{"name":"wp","href":"https:\/\/api.w.org\/{rel}","templated":true}]}}