{"id":63474,"date":"2025-12-12T08:30:58","date_gmt":"2025-12-12T06:30:58","guid":{"rendered":"https:\/\/edublog.educastur.es\/ixuxu\/?p=63474"},"modified":"2025-12-12T10:03:24","modified_gmt":"2025-12-12T08:03:24","slug":"el-tiempu-el-comercio-208","status":"publish","type":"post","link":"https:\/\/edublog.educastur.es\/ixuxu\/2025\/12\/el-tiempu-el-comercio-208\/","title":{"rendered":"El tiempu (El Comercio)"},"content":{"rendered":"<p><img decoding=\"async\" src=\"https:\/\/s3.ppllstatics.com\/elcomercio\/www\/multimedia\/2025\/12\/11\/prevision-tiempo-asturias-kfSB-U2302588077118HVD-1200x870@El%20Comercio.jpg\" \/><\/p>\n<p>Esperamos una xornada marcada pelos cielos nublos o bien nublos en tol Princip\u00e1u d&#8217;Asturies. En tou momentu, prevese abondosa nubosid\u00e1 que va dexar <strong>precipitaciones xeneralizaes<\/strong> de calter d\u00e9bil anque, por momentos, nun se refuga que puedan ser moderaes. Estes precipitaciones van ser en forma de nieve a partir de los 1600 metros d&#8217;altor. <strong>Los vientos<\/strong> van ser fluexos polo xeneral. <strong>Les temperatures m\u00e1ximes<\/strong> van baxar hasta 5 o 6 \u00baC respectu al xueves nel occidente, y hasta 4 \u00baC menos nel oriente. Nel cordal va ser onde&#8217;l descensu va ser muncho m\u00e1s llixeru. <strong>Les m\u00ednimes<\/strong>, sicas\u00ed, van esperimentar un ascensu d&#8217;hasta 5 \u00baC nel interior central, y hasta 3 o 4 \u00baC nel restu. Am\u00e1s, a partir de les 15:00 hores l&#8217;Axencia Estatal de Meteorolox\u00eda va activar l&#8217;avisu mariellu na mar por foles d&#8217;hasta 4 o 5 metros d&#8217;altor.<\/p>\n<p><!--more--><\/p>\n<p>Esti avisu va enllargase hasta les 16:00 hores del s\u00e1badu. En cuanto al tiempu para&#8217;l s\u00e1badu, ent\u00e1 se preve cierta nubosid\u00e1 pela ma\u00f1ana na met\u00e1 norte y cielos m\u00e1s soleyeros na met\u00e1 sur. Pela tarde van abrise grandes claros polo xeneral polo que s&#8217;espera una tarde soleyera. El domingu tami\u00e9n vamos esfrutar de bon tiempu na nuesa rex\u00f3n.<\/p>\n","protected":false},"excerpt":{"rendered":"<p>Esperamos una xornada marcada pelos cielos nublos o bien nublos en tol Princip\u00e1u d&#8217;Asturies. En tou momentu, prevese abondosa nubosid\u00e1 que va dexar precipitaciones xeneralizaes de calter d\u00e9bil anque, por momentos, nun se refuga que puedan ser moderaes. Estes precipitaciones van ser en forma de nieve a partir de los 1600 metros d&#8217;altor. Los vientos [&hellip;]<\/p>\n","protected":false},"author":117,"featured_media":0,"comment_status":"closed","ping_status":"closed","sticky":false,"template":"","format":"standard","meta":{"footnotes":""},"categories":[5],"tags":[],"class_list":["post-63474","post","type-post","status-publish","format-standard","hentry","category-tiempu"],"_links":{"self":[{"href":"https:\/\/edublog.educastur.es\/ixuxu\/wp-json\/wp\/v2\/posts\/63474","targetHints":{"allow":["GET"]}}],"collection":[{"href":"https:\/\/edublog.educastur.es\/ixuxu\/wp-json\/wp\/v2\/posts"}],"about":[{"href":"https:\/\/edublog.educastur.es\/ixuxu\/wp-json\/wp\/v2\/types\/post"}],"author":[{"embeddable":true,"href":"https:\/\/edublog.educastur.es\/ixuxu\/wp-json\/wp\/v2\/users\/117"}],"replies":[{"embeddable":true,"href":"https:\/\/edublog.educastur.es\/ixuxu\/wp-json\/wp\/v2\/comments?post=63474"}],"version-history":[{"count":1,"href":"https:\/\/edublog.educastur.es\/ixuxu\/wp-json\/wp\/v2\/posts\/63474\/revisions"}],"predecessor-version":[{"id":63475,"href":"https:\/\/edublog.educastur.es\/ixuxu\/wp-json\/wp\/v2\/posts\/63474\/revisions\/63475"}],"wp:attachment":[{"href":"https:\/\/edublog.educastur.es\/ixuxu\/wp-json\/wp\/v2\/media?parent=63474"}],"wp:term":[{"taxonomy":"category","embeddable":true,"href":"https:\/\/edublog.educastur.es\/ixuxu\/wp-json\/wp\/v2\/categories?post=63474"},{"taxonomy":"post_tag","embeddable":true,"href":"https:\/\/edublog.educastur.es\/ixuxu\/wp-json\/wp\/v2\/tags?post=63474"}],"curies":[{"name":"wp","href":"https:\/\/api.w.org\/{rel}","templated":true}]}}