{"id":63486,"date":"2025-12-12T11:09:51","date_gmt":"2025-12-12T09:09:51","guid":{"rendered":"https:\/\/edublog.educastur.es\/ixuxu\/?p=63486"},"modified":"2025-12-12T14:33:34","modified_gmt":"2025-12-12T12:33:34","slug":"aer-lingus-anuncio-que-va-conectar-el-principau-con-dublin","status":"publish","type":"post","link":"https:\/\/edublog.educastur.es\/ixuxu\/2025\/12\/aer-lingus-anuncio-que-va-conectar-el-principau-con-dublin\/","title":{"rendered":"Aer Lingus anunci\u00f3 que va conectar el Princip\u00e1u con Dubl\u00edn"},"content":{"rendered":"<p style=\"text-align: center\"><a href=\"https:\/\/estaticos-cdn.prensaiberica.es\/clip\/892c6bc7-9503-4fa8-95cc-157c91b6ef54_16-9-discover-aspect-ratio_default_0.webp\"><img loading=\"lazy\" decoding=\"async\" class=\"aligncenter \" src=\"https:\/\/estaticos-cdn.prensaiberica.es\/clip\/892c6bc7-9503-4fa8-95cc-157c91b6ef54_16-9-discover-aspect-ratio_default_0.webp\" width=\"542\" height=\"305\" \/><\/a><\/p>\n<p>Asturies va ampliar les sos conexones a\u00e9rees a partir de la pr\u00f3xima primavera. <strong>La compa\u00f1\u00eda irlandesa Aer Lingus anunci\u00f3 esti xueves que va conectar el Princip\u00e1u con Dubl\u00edn<\/strong>, un dest\u00edn que y\u00e1 formara parte de la ufierta rexonal al cargu de Ryanair y que&#8217;l Gobiernu quer\u00eda recuperar mientres el concursu de promoci\u00f3n tur\u00edstica que tienen abiertu. Bienllegada <span class=\"html-span xdj266r x14z9mp xat24cr x1lziwak xexx8yu xyri2b x18d9i69 x1c1uobl x1hl2dhg x16tdsg8 x1vvkbs\"><a class=\"x1i10hfl xjbqb8w x1ejq31n x18oe1m7 x1sy0etr xstzfhl x972fbf x10w94by x1qhh985 x14e42zd x9f619 x1ypdohk xt0psk2 x3ct3a4 xdj266r x14z9mp xat24cr x1lziwak xexx8yu xyri2b x18d9i69 x1c1uobl x16tdsg8 x1hl2dhg xggy1nq x1a2a7pz xkrqix3 x1sur9pj x1fey0fg x1s688f\" role=\"link\" href=\"https:\/\/www.facebook.com\/aerlingus?__cft__[0]=AZaGpWtHmYwa1CxA6P1QWDBvC66mGpffwx0tNxHsd9v1UeBjuLLcbUBwl6wOCQh3T_Ljs81RFTn3ARjUPP-mil8zls6HRxYO0KK8E2al-tTM7WVTdPbiFjZabKibhGC81CWFXanvOacW2MaGa6wHqhgbKsx11flGH1y6al7fvAtTa88vRE7yjUTzChl1JuUZ4Jss8M8oQP8r0dvtm7-Wb4Lk&amp;__tn__=-]K-y-R\"><span class=\"xt0psk2\"><span class=\"xjp7ctv\">Aer Lingus<\/span><\/span><\/a><\/span> <span class=\"html-span xexx8yu xyri2b x18d9i69 x1c1uobl x1hl2dhg x16tdsg8 x1vvkbs x3nfvp2 x1j61x8r x1fcty0u xdj266r xat24cr xm2jcoa x1mpyi22 xxymvpz xlup9mm x1kky2od\"><img loading=\"lazy\" decoding=\"async\" class=\"xz74otr x15mokao x1ga7v0g x16uus16 xbiv7yw\" src=\"https:\/\/static.xx.fbcdn.net\/images\/emoji.php\/v9\/tb6\/1\/16\/2708.png\" alt=\"\u2708\ufe0f\" width=\"16\" height=\"16\" \/><\/span><span class=\"html-span xexx8yu xyri2b x18d9i69 x1c1uobl x1hl2dhg x16tdsg8 x1vvkbs x3nfvp2 x1j61x8r x1fcty0u xdj266r xat24cr xm2jcoa x1mpyi22 xxymvpz xlup9mm x1kky2od\"><img loading=\"lazy\" decoding=\"async\" class=\"xz74otr x15mokao x1ga7v0g x16uus16 xbiv7yw\" src=\"https:\/\/static.xx.fbcdn.net\/images\/emoji.php\/v9\/t14\/1\/16\/2618.png\" alt=\"\u2618\ufe0f\" width=\"16\" height=\"16\" \/><\/span><\/p>\n<p><!--more--><\/p>\n<ul>\n<li><a href=\"https:\/\/www.aerlingus.com\/html\/es-ES\/home.html\">https:\/\/www.aerlingus.com\/html\/es-ES\/home.html<\/a><\/li>\n<\/ul>\n<p style=\"text-align: center\"><a href=\"https:\/\/imgs.search.brave.com\/2pFalACa1suXadKXNyALCbYuCtKpd-njM_cvM0yy_UM\/rs:fit:500:0:1:0\/g:ce\/aHR0cHM6Ly9tZWRp\/YS5pc3RvY2twaG90\/by5jb20vaWQvMTM5\/ODUzMjMxOS9waG90\/by9hZXItbGluZ3Vz\/LWEzMzAtYXQtbWFu\/Y2hlc3Rlci1haXJw\/b3J0LmpwZz9zPTYx\/Mng2MTImdz0wJms9\/MjAmYz12ZVFwOWZ4\/THkzc01pckVLblRU\/MWpxYTdTNUdLMGVF\/WDZ6b3RzaVItMmdN\/PQ\"><img loading=\"lazy\" decoding=\"async\" class=\"aligncenter \" src=\"https:\/\/imgs.search.brave.com\/2pFalACa1suXadKXNyALCbYuCtKpd-njM_cvM0yy_UM\/rs:fit:500:0:1:0\/g:ce\/aHR0cHM6Ly9tZWRp\/YS5pc3RvY2twaG90\/by5jb20vaWQvMTM5\/ODUzMjMxOS9waG90\/by9hZXItbGluZ3Vz\/LWEzMzAtYXQtbWFu\/Y2hlc3Rlci1haXJw\/b3J0LmpwZz9zPTYx\/Mng2MTImdz0wJms9\/MjAmYz12ZVFwOWZ4\/THkzc01pckVLblRU\/MWpxYTdTNUdLMGVF\/WDZ6b3RzaVItMmdN\/PQ\" width=\"520\" height=\"346\" \/><\/a><\/p>\n<p style=\"text-align: center\">\n<!-- iframe plugin v.6.0 wordpress.org\/plugins\/iframe\/ -->\n<iframe loading=\"lazy\" src=\"https:\/\/www.facebook.com\/plugins\/post.php?href=https%3A%2F%2Fwww.facebook.com%2FMovilidadAsturias%2Fposts%2Fpfbid05hqF53bAz9oj6mrTu9scayL3fHuSCF6EXD6TydqcovDgXJXx61NPY5rFpTTSkuKUl&#038;show_text=false&#038;width=500\" width=\"500\" height=\"498\" style=\"border:none;overflow:hidden\" scrolling=\"no\" frameborder=\"0\" allowfullscreen=\"true\" allow=\"autoplay; clipboard-write; encrypted-media; picture-in-picture; web-share\" 0=\"\/iframe\" class=\"iframe-class\"><\/iframe>\n<\/p>\n<ul>\n<li class=\"html-h2 x14z9mp xat24cr x1lziwak xexx8yu xyri2b x18d9i69 x1c1uobl x1vvkbs x1heor9g x1qlqyl8 x1pd3egz x1a2a7pz x1gslohp\"><span class=\"x193iq5w xeuugli x13faqbe x1vvkbs x1xmvt09 x1f6kntn xvq8zen xo1l8bm xi81zsa\"><span class=\"xt0psk2\"><span class=\"xjp7ctv\"><a class=\"x1i10hfl xjbqb8w x1ejq31n x18oe1m7 x1sy0etr xstzfhl x972fbf x10w94by x1qhh985 x14e42zd x9f619 x1ypdohk xt0psk2 x3ct3a4 xdj266r x14z9mp xat24cr x1lziwak xexx8yu xyri2b x18d9i69 x1c1uobl x16tdsg8 x1hl2dhg xggy1nq x1a2a7pz xkrqix3 x1sur9pj xzsf02u x1s688f\" role=\"link\" href=\"https:\/\/www.facebook.com\/MovilidadAsturias?__cft__[0]=AZaGpWtHmYwa1CxA6P1QWDBvC66mGpffwx0tNxHsd9v1UeBjuLLcbUBwl6wOCQh3T_Ljs81RFTn3ARjUPP-mil8zls6HRxYO0KK8E2al-tTM7WVTdPbiFjZabKibhGC81CWFXanvOacW2MaGa6wHqhgbKsx11flGH1y6al7fvAtTa88vRE7yjUTzChl1JuUZ4Jss8M8oQP8r0dvtm7-Wb4Lk&amp;__tn__=-UC*F\">Consejer\u00eda de Movilidad, Medio Ambiente y Gesti\u00f3n de Emergencias<\/a><\/span><\/span><\/span><\/li>\n<\/ul>\n","protected":false},"excerpt":{"rendered":"<p>Asturies va ampliar les sos conexones a\u00e9rees a partir de la pr\u00f3xima primavera. La compa\u00f1\u00eda irlandesa Aer Lingus anunci\u00f3 esti xueves que va conectar el Princip\u00e1u con Dubl\u00edn, un dest\u00edn que y\u00e1 formara parte de la ufierta rexonal al cargu de Ryanair y que&#8217;l Gobiernu quer\u00eda recuperar mientres el concursu de promoci\u00f3n tur\u00edstica que tienen [&hellip;]<\/p>\n","protected":false},"author":117,"featured_media":0,"comment_status":"closed","ping_status":"closed","sticky":false,"template":"","format":"standard","meta":{"footnotes":""},"categories":[232],"tags":[],"class_list":["post-63486","post","type-post","status-publish","format-standard","hentry","category-tresportes"],"_links":{"self":[{"href":"https:\/\/edublog.educastur.es\/ixuxu\/wp-json\/wp\/v2\/posts\/63486","targetHints":{"allow":["GET"]}}],"collection":[{"href":"https:\/\/edublog.educastur.es\/ixuxu\/wp-json\/wp\/v2\/posts"}],"about":[{"href":"https:\/\/edublog.educastur.es\/ixuxu\/wp-json\/wp\/v2\/types\/post"}],"author":[{"embeddable":true,"href":"https:\/\/edublog.educastur.es\/ixuxu\/wp-json\/wp\/v2\/users\/117"}],"replies":[{"embeddable":true,"href":"https:\/\/edublog.educastur.es\/ixuxu\/wp-json\/wp\/v2\/comments?post=63486"}],"version-history":[{"count":9,"href":"https:\/\/edublog.educastur.es\/ixuxu\/wp-json\/wp\/v2\/posts\/63486\/revisions"}],"predecessor-version":[{"id":63514,"href":"https:\/\/edublog.educastur.es\/ixuxu\/wp-json\/wp\/v2\/posts\/63486\/revisions\/63514"}],"wp:attachment":[{"href":"https:\/\/edublog.educastur.es\/ixuxu\/wp-json\/wp\/v2\/media?parent=63486"}],"wp:term":[{"taxonomy":"category","embeddable":true,"href":"https:\/\/edublog.educastur.es\/ixuxu\/wp-json\/wp\/v2\/categories?post=63486"},{"taxonomy":"post_tag","embeddable":true,"href":"https:\/\/edublog.educastur.es\/ixuxu\/wp-json\/wp\/v2\/tags?post=63486"}],"curies":[{"name":"wp","href":"https:\/\/api.w.org\/{rel}","templated":true}]}}