{"id":63491,"date":"2025-12-11T13:15:45","date_gmt":"2025-12-11T11:15:45","guid":{"rendered":"https:\/\/edublog.educastur.es\/ixuxu\/?p=63491"},"modified":"2025-12-16T09:51:25","modified_gmt":"2025-12-16T07:51:25","slug":"63491","status":"publish","type":"post","link":"https:\/\/edublog.educastur.es\/ixuxu\/2025\/12\/63491\/","title":{"rendered":"Esti a\u00f1u la decoraci\u00f3n navidiega de Presidencia tuvo unos convidaos bien especiales."},"content":{"rendered":"<ul>\n<li><a href=\"https:\/\/www.instagram.com\/reel\/DSIpau2jh-Q\/\">Instagram<\/a> \/ \ud83c\udf84 Esti a\u00f1u la decoraci\u00f3n navidiega de Presidencia tuvo unos convidaos bien especiales. Los ne\u00f1os y ne\u00f1es de 3\u00baA del colexu visitaron la Xunta y ayudaren a decorar l&#8217;arbol navidiegu. <a href=\"https:\/\/www.lne.es\/oviedo\/la-corredoria\/2025\/12\/11\/alumnos-colegio-carmen-ruiz-tilve-124681691.html\">LNE<\/a> \/\u00a0 <a href=\"https:\/\/www.instagram.com\/reel\/DSIpau2jh-Q\/\">REEL<\/a><\/li>\n<\/ul>\n<p style=\"text-align: center\"><a href=\"https:\/\/estaticos-cdn.prensaiberica.es\/clip\/7bc6c948-182f-4f10-b0bc-6be02172ccee_16-9-discover-aspect-ratio_default_0.webp\"><img loading=\"lazy\" decoding=\"async\" class=\"aligncenter size-large\" src=\"https:\/\/estaticos-cdn.prensaiberica.es\/clip\/7bc6c948-182f-4f10-b0bc-6be02172ccee_16-9-discover-aspect-ratio_default_0.webp\" width=\"1200\" height=\"675\" \/><\/a><\/p>\n<p>Venti ne\u00f1os d&#8217;un colexu uvie\u00edn ayuden al presidente Barb\u00f3n a decorar el so \u00e1rbol de Navid\u00e1. Miembros de la Federaci\u00f3n d&#8217;Asociaci\u00f3n de Mayores del Princip\u00e1u d&#8217;Asturies y un grupu de ceadores de conten\u00edu de la rex\u00f3n tami\u00e9n tuvieron presentes na visita.<\/p>\n<p><!--more--><\/p>\n<p style=\"text-align: center\"><em><span class=\"x193iq5w xeuugli x13faqbe x1vvkbs xt0psk2 x1i0vuye xvs91rp xo1l8bm x5n08af x10wh9bi xpm28yp x8viiok x1o7cslx x126k92a\"><span class=\"html-span xexx8yu x4uap5 x18d9i69 xkhd6sd x1hl2dhg x16tdsg8 x1vvkbs x3nfvp2 x1j61x8r x1fcty0u xdj266r xat24cr xgzva0m xhhsvwb xxymvpz xlup9mm x1kky2od\">\n<!-- iframe plugin v.6.0 wordpress.org\/plugins\/iframe\/ -->\n<iframe loading=\"lazy\" src=\"https:\/\/www.instagram.com\/p\/DSIpau2jh-Q\/embed\" width=\"360\" height=\"575\" 0=\"\/iframe\" scrolling=\"yes\" class=\"iframe-class\" frameborder=\"0\"><\/iframe>\n<\/span><\/span><\/em><\/p>\n","protected":false},"excerpt":{"rendered":"<p>Instagram \/ \ud83c\udf84 Esti a\u00f1u la decoraci\u00f3n navidiega de Presidencia tuvo unos convidaos bien especiales. Los ne\u00f1os y ne\u00f1es de 3\u00baA del colexu visitaron la Xunta y ayudaren a decorar l&#8217;arbol navidiegu. LNE \/\u00a0 REEL Venti ne\u00f1os d&#8217;un colexu uvie\u00edn ayuden al presidente Barb\u00f3n a decorar el so \u00e1rbol de Navid\u00e1. Miembros de la Federaci\u00f3n [&hellip;]<\/p>\n","protected":false},"author":117,"featured_media":0,"comment_status":"closed","ping_status":"closed","sticky":false,"template":"","format":"standard","meta":{"footnotes":""},"categories":[81],"tags":[],"class_list":["post-63491","post","type-post","status-publish","format-standard","hentry","category-nadal"],"_links":{"self":[{"href":"https:\/\/edublog.educastur.es\/ixuxu\/wp-json\/wp\/v2\/posts\/63491","targetHints":{"allow":["GET"]}}],"collection":[{"href":"https:\/\/edublog.educastur.es\/ixuxu\/wp-json\/wp\/v2\/posts"}],"about":[{"href":"https:\/\/edublog.educastur.es\/ixuxu\/wp-json\/wp\/v2\/types\/post"}],"author":[{"embeddable":true,"href":"https:\/\/edublog.educastur.es\/ixuxu\/wp-json\/wp\/v2\/users\/117"}],"replies":[{"embeddable":true,"href":"https:\/\/edublog.educastur.es\/ixuxu\/wp-json\/wp\/v2\/comments?post=63491"}],"version-history":[{"count":7,"href":"https:\/\/edublog.educastur.es\/ixuxu\/wp-json\/wp\/v2\/posts\/63491\/revisions"}],"predecessor-version":[{"id":63698,"href":"https:\/\/edublog.educastur.es\/ixuxu\/wp-json\/wp\/v2\/posts\/63491\/revisions\/63698"}],"wp:attachment":[{"href":"https:\/\/edublog.educastur.es\/ixuxu\/wp-json\/wp\/v2\/media?parent=63491"}],"wp:term":[{"taxonomy":"category","embeddable":true,"href":"https:\/\/edublog.educastur.es\/ixuxu\/wp-json\/wp\/v2\/categories?post=63491"},{"taxonomy":"post_tag","embeddable":true,"href":"https:\/\/edublog.educastur.es\/ixuxu\/wp-json\/wp\/v2\/tags?post=63491"}],"curies":[{"name":"wp","href":"https:\/\/api.w.org\/{rel}","templated":true}]}}