{"id":635,"date":"2020-04-01T08:33:59","date_gmt":"2020-04-01T08:33:59","guid":{"rendered":"https:\/\/edublog.educastur.es\/ixuxu\/?p=635"},"modified":"2020-08-24T21:34:54","modified_gmt":"2020-08-24T21:34:54","slug":"pintar-pintar-compartel-cuentu-amorina-motosierra","status":"publish","type":"post","link":"https:\/\/edublog.educastur.es\/ixuxu\/2020\/04\/pintar-pintar-compartel-cuentu-amorina-motosierra\/","title":{"rendered":"Pintar-Pintar comparte\u00b4l cuentu \u201cAmorina Motosierra\u201d"},"content":{"rendered":"<div class=\"entry\">\n<p>La Editorial<u> asturiana <\/u><strong><em>Pintar-Pintar<\/em><\/strong>, que ta faciendo una llabor encomiable compartiendo n\u00b4abiertu cuentos pa los ne\u00f1os, comparte:<\/p>\n<ul>\n<li><strong><em>\u201cAmorina Motosierra\u201d\u00a0<\/em><\/strong><\/li>\n<li><u>Testu:<\/u> Daniel Garc\u00eda Granda<\/li>\n<li><u>lustraciones<\/u>: Andreu Lin\u00e1s<\/li>\n<li><a href=\"https:\/\/www.pintar-pintar.com\/p3802572-amorina-motosierra.html\" target=\"_blank\" rel=\"noopener noreferrer\">Ver ficha editorial<\/a><\/li>\n<li>ISBN: 978-84-92964-99-4<\/li>\n<li>V\u00edmoslu en clas ne\u00f1os de 1\u00ba y presto-yos!<\/li>\n<li><a href=\"http:\/\/www.digital.pintar-pintar.com\/bookcase\/combj\" target=\"_blank\" rel=\"noopener noreferrer\"><span style=\"color: #ff0000\">Enllaz pa lleer na Nubeteca (\u00faltimu cuentu) <\/span><\/a><\/li>\n<\/ul>\n<p><a href=\"https:\/\/cdn.palbin.com\/users\/11282\/images\/Amorina3-1524998959.jpg\" target=\"_blank\" rel=\"noopener noreferrer\"><img loading=\"lazy\" decoding=\"async\" class=\"\" src=\"https:\/\/cdn.palbin.com\/users\/11282\/images\/Amorina3-1524998959.jpg\" width=\"504\" height=\"346\" \/><\/a><\/p>\n<\/div>\n","protected":false},"excerpt":{"rendered":"<p>La Editorial asturiana Pintar-Pintar, que ta faciendo una llabor encomiable compartiendo n\u00b4abiertu cuentos pa los ne\u00f1os, comparte: \u201cAmorina Motosierra\u201d\u00a0 Testu: Daniel Garc\u00eda Granda lustraciones: Andreu Lin\u00e1s Ver ficha editorial ISBN: 978-84-92964-99-4 V\u00edmoslu en clas ne\u00f1os de 1\u00ba y presto-yos! Enllaz pa lleer na Nubeteca (\u00faltimu cuentu)<\/p>\n","protected":false},"author":117,"featured_media":0,"comment_status":"closed","ping_status":"open","sticky":false,"template":"","format":"standard","meta":{"footnotes":""},"categories":[7,10,40],"tags":[],"class_list":["post-635","post","type-post","status-publish","format-standard","hentry","category-cuentos","category-llibros-reciella","category-pintar-pintar"],"_links":{"self":[{"href":"https:\/\/edublog.educastur.es\/ixuxu\/wp-json\/wp\/v2\/posts\/635","targetHints":{"allow":["GET"]}}],"collection":[{"href":"https:\/\/edublog.educastur.es\/ixuxu\/wp-json\/wp\/v2\/posts"}],"about":[{"href":"https:\/\/edublog.educastur.es\/ixuxu\/wp-json\/wp\/v2\/types\/post"}],"author":[{"embeddable":true,"href":"https:\/\/edublog.educastur.es\/ixuxu\/wp-json\/wp\/v2\/users\/117"}],"replies":[{"embeddable":true,"href":"https:\/\/edublog.educastur.es\/ixuxu\/wp-json\/wp\/v2\/comments?post=635"}],"version-history":[{"count":2,"href":"https:\/\/edublog.educastur.es\/ixuxu\/wp-json\/wp\/v2\/posts\/635\/revisions"}],"predecessor-version":[{"id":637,"href":"https:\/\/edublog.educastur.es\/ixuxu\/wp-json\/wp\/v2\/posts\/635\/revisions\/637"}],"wp:attachment":[{"href":"https:\/\/edublog.educastur.es\/ixuxu\/wp-json\/wp\/v2\/media?parent=635"}],"wp:term":[{"taxonomy":"category","embeddable":true,"href":"https:\/\/edublog.educastur.es\/ixuxu\/wp-json\/wp\/v2\/categories?post=635"},{"taxonomy":"post_tag","embeddable":true,"href":"https:\/\/edublog.educastur.es\/ixuxu\/wp-json\/wp\/v2\/tags?post=635"}],"curies":[{"name":"wp","href":"https:\/\/api.w.org\/{rel}","templated":true}]}}