{"id":63506,"date":"2025-12-12T12:50:40","date_gmt":"2025-12-12T10:50:40","guid":{"rendered":"https:\/\/edublog.educastur.es\/ixuxu\/?p=63506"},"modified":"2025-12-12T13:01:06","modified_gmt":"2025-12-12T11:01:06","slug":"63506","status":"publish","type":"post","link":"https:\/\/edublog.educastur.es\/ixuxu\/2025\/12\/63506\/","title":{"rendered":"\u00a1Tiempu d&#8217;aguilandos n&#8217;Asturies!"},"content":{"rendered":"<p style=\"text-align: center\"><a href=\"https:\/\/verasturies.com\/wp-content\/uploads\/2021\/10\/Aguinaldu-736x675.jpg\"><img loading=\"lazy\" decoding=\"async\" class=\"aligncenter \" src=\"https:\/\/verasturies.com\/wp-content\/uploads\/2021\/10\/Aguinaldu-736x675.jpg\" width=\"551\" height=\"505\" \/><\/a><\/p>\n<p>Asturies, una zona rica en tradiciones y cultura, dest\u00e1case poles sos festividaes \u00faniques y enraigonaes. Una de les celebraciones m\u00e1s esperaes y significatives nesta tierra ye la tradici\u00f3n del aguilandu. Estos festexos, que tienen fondos raiga\u00f1os culturales, reflexen la identid\u00e1 y l&#8217;esp\u00edritu festivu de los asturianos.<\/p>\n<p style=\"text-align: center\"><!--more--><em><span class=\"x193iq5w xeuugli x13faqbe x1vvkbs xt0psk2 x1i0vuye xvs91rp xo1l8bm x5n08af x10wh9bi xpm28yp x8viiok x1o7cslx x126k92a\"><span class=\"html-span xexx8yu x4uap5 x18d9i69 xkhd6sd x1hl2dhg x16tdsg8 x1vvkbs x3nfvp2 x1j61x8r x1fcty0u xdj266r xat24cr xgzva0m xhhsvwb xxymvpz xlup9mm x1kky2od\">\n<!-- iframe plugin v.6.0 wordpress.org\/plugins\/iframe\/ -->\n<iframe loading=\"lazy\" src=\"https:\/\/www.instagram.com\/p\/DSKFemWjFw4\/embed\" width=\"500\" height=\"675\" 0=\"\/iframe\" scrolling=\"yes\" class=\"iframe-class\" frameborder=\"0\"><\/iframe>\n<\/span><\/span><\/em><\/p>\n<p>&nbsp;<\/p>\n<p><em>\u00abEstas puertas son de pino que aqu\u00ed vive un gran vecino, que nos dar\u00e1 de aguinaldo libra y media de tocino. Estas puertas son de hierro que aqu\u00ed vive un caballero, que nos dar\u00e1 el aguinaldo para el a\u00f1o nuevo\u00bb.<\/em>\u00a0Esta ye una de los cantares que d&#8217;antiguo cantaben los mozos nos pueblos asturianos diendo de casa en casa pa pidir l&#8217;aguilandu. Seg\u00fan el pueblu, pod\u00eda ser na v\u00edespora d&#8217;a\u00f1u nuevu, el primer d\u00eda del a\u00f1u o en Reis.<\/p>\n<h3 class=\"wp-block-heading\">Los or\u00edxenes del aguilandu<\/h3>\n<p>Na publicaci\u00f3n\u00a0<em>Fiestas de Asturias<\/em>\u00a0espl\u00edcase qu&#8217;esiste una\u00a0<strong>\u00ab<\/strong>fonda coincidencia\u00bb d&#8217;estes celebraciones populares colos ciclos agr\u00edcoles y llabradores,\u00a0\u00abque lleven a pensar nun ancestral posu\u00bb. Na mesma publicaci\u00f3n\u00a0espl\u00edcase que\u00a0Navid\u00e1, San Silvestre y Reis yeren los tr\u00e9s d\u00edes prefer\u00edos polos mozos asturianos\u00a0pa facer estes \u00abgracioses\u00bb actuaciones \u00abtan chocantes como los nomes que recib\u00eden seg\u00fan los llugares\u00bb. Y citen, am\u00e1s de los sidros y zamarrones de L.lena, a los sidros en Siero y Nava, al guirria en Ponga, a los bardancos en Casu, a los zaparrastros n&#8217;Ayer y a los aguilanderos en Quir\u00f3s.<\/p>\n<p>Fausto Vigil atribuy\u00edalu a los autos sacramentales representaos a partir de la Ed\u00e1 Media\u00a0y que, al ser ritos paganos aceptaos pola Ilesia, acabaron escenific\u00e1ndose nes cais de los pueblos. Juan Ur\u00eda R\u00edu, nun art\u00edculu sobre l&#8217;orixe de los sidros, consideraba qu&#8217;estes tradiciones ten\u00eden d&#8217;interpretase como derivaci\u00f3n d&#8217;otres precedentes d&#8217;orixe paganu, anteriores inclusive a la dominaci\u00f3n romana, \u00abde suerte que\u00a0dalgunos de los elementos de los sidros apaecen como de clara x\u00e9nesis tot\u00e9mica\u00bb y que la Ilesia lo que fixo foi aprovechase d&#8217;elles, como se recueye en\u00a0<em>Cultura oficial e ideolog\u00eda en la Asturias franquista: el IDEA<\/em>\u00a0(Jorge Ur\u00eda, 1984).<\/p>\n<p>D&#8217;esta manera, angua\u00f1o calti\u00e9nense delles celebraciones n&#8217;Asturies:<\/p>\n<ul class=\"wp-block-list\">\n<li>Aguilandeiros de San Xuan (Grau)<\/li>\n<li>Los Guilandeiros (Tin\u00e9u)<\/li>\n<li>Os Reises del Valledor (Ayande)<\/li>\n<li>Domingu\u2019l Gordu (Rozaes, Villaviciosa)<\/li>\n<li>Sidros y comedies (Valdesoto)<\/li>\n<li>Mazcaritos d\u2019Uvi\u00e9u (Uvi\u00e9u)<\/li>\n<li>Los Zamarrones (L.lena)<\/li>\n<\/ul>\n","protected":false},"excerpt":{"rendered":"<p>Asturies, una zona rica en tradiciones y cultura, dest\u00e1case poles sos festividaes \u00faniques y enraigonaes. Una de les celebraciones m\u00e1s esperaes y significatives nesta tierra ye la tradici\u00f3n del aguilandu. Estos festexos, que tienen fondos raiga\u00f1os culturales, reflexen la identid\u00e1 y l&#8217;esp\u00edritu festivu de los asturianos.<\/p>\n","protected":false},"author":117,"featured_media":0,"comment_status":"closed","ping_status":"closed","sticky":false,"template":"","format":"standard","meta":{"footnotes":""},"categories":[113,112],"tags":[],"class_list":["post-63506","post","type-post","status-publish","format-standard","hentry","category-tradiciones","category-ver-asturies"],"_links":{"self":[{"href":"https:\/\/edublog.educastur.es\/ixuxu\/wp-json\/wp\/v2\/posts\/63506","targetHints":{"allow":["GET"]}}],"collection":[{"href":"https:\/\/edublog.educastur.es\/ixuxu\/wp-json\/wp\/v2\/posts"}],"about":[{"href":"https:\/\/edublog.educastur.es\/ixuxu\/wp-json\/wp\/v2\/types\/post"}],"author":[{"embeddable":true,"href":"https:\/\/edublog.educastur.es\/ixuxu\/wp-json\/wp\/v2\/users\/117"}],"replies":[{"embeddable":true,"href":"https:\/\/edublog.educastur.es\/ixuxu\/wp-json\/wp\/v2\/comments?post=63506"}],"version-history":[{"count":4,"href":"https:\/\/edublog.educastur.es\/ixuxu\/wp-json\/wp\/v2\/posts\/63506\/revisions"}],"predecessor-version":[{"id":63510,"href":"https:\/\/edublog.educastur.es\/ixuxu\/wp-json\/wp\/v2\/posts\/63506\/revisions\/63510"}],"wp:attachment":[{"href":"https:\/\/edublog.educastur.es\/ixuxu\/wp-json\/wp\/v2\/media?parent=63506"}],"wp:term":[{"taxonomy":"category","embeddable":true,"href":"https:\/\/edublog.educastur.es\/ixuxu\/wp-json\/wp\/v2\/categories?post=63506"},{"taxonomy":"post_tag","embeddable":true,"href":"https:\/\/edublog.educastur.es\/ixuxu\/wp-json\/wp\/v2\/tags?post=63506"}],"curies":[{"name":"wp","href":"https:\/\/api.w.org\/{rel}","templated":true}]}}