{"id":63522,"date":"2025-12-14T13:39:53","date_gmt":"2025-12-14T11:39:53","guid":{"rendered":"https:\/\/edublog.educastur.es\/ixuxu\/?p=63522"},"modified":"2025-12-14T13:39:53","modified_gmt":"2025-12-14T11:39:53","slug":"victor-manuel-premiu-de-les-lletres-de-lasociacion-descritores-dasturies","status":"publish","type":"post","link":"https:\/\/edublog.educastur.es\/ixuxu\/2025\/12\/victor-manuel-premiu-de-les-lletres-de-lasociacion-descritores-dasturies\/","title":{"rendered":"V\u00edctor Manuel, Premiu de les Lletres de l&#8217;Asociaci\u00f3n d&#8217;Escritores d&#8217;Asturies"},"content":{"rendered":"<p>La entrega del premiu va ser el d\u00eda 23 de xineru na Aula Magna de la Universid\u00e1 d&#8217;Uvi\u00e9u.L&#8217;Asociaci\u00f3n d&#8217;Escritores d&#8217;Asturies concede&#8217;l Premiu de les Lletres a V\u00edctor Manuel. Considera&#8217;l xur\u00e1u que l&#8217;artista alz\u00f3 la palabra cantada hasta convertila nun referente lliterario y musical y que les sos lletres son exemplu de c\u00f3mo la poes\u00eda y la m\u00fasica pueden atopar un mesmu llinguaxe creativu.<\/p>\n<p style=\"text-align: center\"><a href=\"https:\/\/www.rtpa.es\/fotos\/\/25\/12\/20251213211338_RTPA7467593.webp\"><img loading=\"lazy\" decoding=\"async\" class=\"aligncenter size-large\" src=\"https:\/\/www.rtpa.es\/fotos\/\/25\/12\/20251213211338_RTPA7467593.webp\" width=\"853\" height=\"480\" \/><\/a><\/p>\n","protected":false},"excerpt":{"rendered":"<p>La entrega del premiu va ser el d\u00eda 23 de xineru na Aula Magna de la Universid\u00e1 d&#8217;Uvi\u00e9u.L&#8217;Asociaci\u00f3n d&#8217;Escritores d&#8217;Asturies concede&#8217;l Premiu de les Lletres a V\u00edctor Manuel. Considera&#8217;l xur\u00e1u que l&#8217;artista alz\u00f3 la palabra cantada hasta convertila nun referente lliterario y musical y que les sos lletres son exemplu de c\u00f3mo la poes\u00eda y [&hellip;]<\/p>\n","protected":false},"author":117,"featured_media":0,"comment_status":"closed","ping_status":"closed","sticky":false,"template":"","format":"standard","meta":{"footnotes":""},"categories":[35,58],"tags":[],"class_list":["post-63522","post","type-post","status-publish","format-standard","hentry","category-musica","category-premios"],"_links":{"self":[{"href":"https:\/\/edublog.educastur.es\/ixuxu\/wp-json\/wp\/v2\/posts\/63522","targetHints":{"allow":["GET"]}}],"collection":[{"href":"https:\/\/edublog.educastur.es\/ixuxu\/wp-json\/wp\/v2\/posts"}],"about":[{"href":"https:\/\/edublog.educastur.es\/ixuxu\/wp-json\/wp\/v2\/types\/post"}],"author":[{"embeddable":true,"href":"https:\/\/edublog.educastur.es\/ixuxu\/wp-json\/wp\/v2\/users\/117"}],"replies":[{"embeddable":true,"href":"https:\/\/edublog.educastur.es\/ixuxu\/wp-json\/wp\/v2\/comments?post=63522"}],"version-history":[{"count":1,"href":"https:\/\/edublog.educastur.es\/ixuxu\/wp-json\/wp\/v2\/posts\/63522\/revisions"}],"predecessor-version":[{"id":63523,"href":"https:\/\/edublog.educastur.es\/ixuxu\/wp-json\/wp\/v2\/posts\/63522\/revisions\/63523"}],"wp:attachment":[{"href":"https:\/\/edublog.educastur.es\/ixuxu\/wp-json\/wp\/v2\/media?parent=63522"}],"wp:term":[{"taxonomy":"category","embeddable":true,"href":"https:\/\/edublog.educastur.es\/ixuxu\/wp-json\/wp\/v2\/categories?post=63522"},{"taxonomy":"post_tag","embeddable":true,"href":"https:\/\/edublog.educastur.es\/ixuxu\/wp-json\/wp\/v2\/tags?post=63522"}],"curies":[{"name":"wp","href":"https:\/\/api.w.org\/{rel}","templated":true}]}}