{"id":63524,"date":"2025-12-13T13:40:43","date_gmt":"2025-12-13T11:40:43","guid":{"rendered":"https:\/\/edublog.educastur.es\/ixuxu\/?p=63524"},"modified":"2025-12-14T13:43:07","modified_gmt":"2025-12-14T11:43:07","slug":"naz-la-cofradia-gastronomica-su-excelencia-la-fabada","status":"publish","type":"post","link":"https:\/\/edublog.educastur.es\/ixuxu\/2025\/12\/naz-la-cofradia-gastronomica-su-excelencia-la-fabada\/","title":{"rendered":"Naz la Cofrad\u00eda Gastron\u00f3mica Su Excelencia La Fabada"},"content":{"rendered":"<p class=\"font-size-xxl margin-b-5 font-weight-b color-b-050 letter-spacing--1 fuente-corporativa\">Naz la Cofrad\u00eda Gastron\u00f3mica Su Excelencia La Fabada con ocho socios fundadores. <a href=\"https:\/\/www.rtpa.es\/noticias-sociedad-ast\/2025-12-13\/Naz-la-Cofradia-Gastronomica-Su-Excelencia-La-Fabada-con-ocho-socios-fundadores_111765637065.html\">TPA<\/a><\/p>\n<div class=\"vjs-poster\"><img decoding=\"async\" class=\"aligncenter\" src=\"https:\/\/www.rtpa.es\/fotos\/\/25\/12\/20251213154312_RTPA7466831.webp\" alt=\"\" \/><\/div>\n<div class=\"vjs-text-track-display\" aria-live=\"off\"><\/div>\n<div class=\"col-lg-8 col-md-12 col-xs-12\" role=\"main\" aria-label=\"Bloque del titular, texto imagen o v\u00eddeo de la noticia\">\n<div id=\"noticiacompleta\" class=\"parragraph-padding font-c-conent\">\n<p class=\"font-size-m padding-b-20 font-weight-b margin-t-16\">El plazu pa ser cofrade fundador ta abiertu hasta&#8217;l 31 de xineru. En Llangr\u00e9u, naz la Cofrad\u00eda Gastron\u00f3mica Su Excelencia La Fabada coles mires de visibilizar fuera d&#8217;Asturies esti platu ic\u00f3nicu del nuesu recetariu, y qu&#8217;am\u00e1s ye&#8217;l protagonista de la fiesta d&#8217;inter\u00e9s tur\u00edsticu rexonal de La Felguera.<\/p>\n<p>&nbsp;<\/p>\n<\/div>\n<\/div>\n<p>&nbsp;<\/p>\n","protected":false},"excerpt":{"rendered":"<p>Naz la Cofrad\u00eda Gastron\u00f3mica Su Excelencia La Fabada con ocho socios fundadores. TPA El plazu pa ser cofrade fundador ta abiertu hasta&#8217;l 31 de xineru. En Llangr\u00e9u, naz la Cofrad\u00eda Gastron\u00f3mica Su Excelencia La Fabada coles mires de visibilizar fuera d&#8217;Asturies esti platu ic\u00f3nicu del nuesu recetariu, y qu&#8217;am\u00e1s ye&#8217;l protagonista de la fiesta d&#8217;inter\u00e9s [&hellip;]<\/p>\n","protected":false},"author":117,"featured_media":0,"comment_status":"closed","ping_status":"closed","sticky":false,"template":"","format":"standard","meta":{"footnotes":""},"categories":[138,286],"tags":[],"class_list":["post-63524","post","type-post","status-publish","format-standard","hentry","category-alimentos","category-confreries"],"_links":{"self":[{"href":"https:\/\/edublog.educastur.es\/ixuxu\/wp-json\/wp\/v2\/posts\/63524","targetHints":{"allow":["GET"]}}],"collection":[{"href":"https:\/\/edublog.educastur.es\/ixuxu\/wp-json\/wp\/v2\/posts"}],"about":[{"href":"https:\/\/edublog.educastur.es\/ixuxu\/wp-json\/wp\/v2\/types\/post"}],"author":[{"embeddable":true,"href":"https:\/\/edublog.educastur.es\/ixuxu\/wp-json\/wp\/v2\/users\/117"}],"replies":[{"embeddable":true,"href":"https:\/\/edublog.educastur.es\/ixuxu\/wp-json\/wp\/v2\/comments?post=63524"}],"version-history":[{"count":3,"href":"https:\/\/edublog.educastur.es\/ixuxu\/wp-json\/wp\/v2\/posts\/63524\/revisions"}],"predecessor-version":[{"id":63527,"href":"https:\/\/edublog.educastur.es\/ixuxu\/wp-json\/wp\/v2\/posts\/63524\/revisions\/63527"}],"wp:attachment":[{"href":"https:\/\/edublog.educastur.es\/ixuxu\/wp-json\/wp\/v2\/media?parent=63524"}],"wp:term":[{"taxonomy":"category","embeddable":true,"href":"https:\/\/edublog.educastur.es\/ixuxu\/wp-json\/wp\/v2\/categories?post=63524"},{"taxonomy":"post_tag","embeddable":true,"href":"https:\/\/edublog.educastur.es\/ixuxu\/wp-json\/wp\/v2\/tags?post=63524"}],"curies":[{"name":"wp","href":"https:\/\/api.w.org\/{rel}","templated":true}]}}