{"id":63532,"date":"2025-12-14T08:30:31","date_gmt":"2025-12-14T06:30:31","guid":{"rendered":"https:\/\/edublog.educastur.es\/ixuxu\/?p=63532"},"modified":"2025-12-14T13:51:17","modified_gmt":"2025-12-14T11:51:17","slug":"el-tiempu-el-comercio-209","status":"publish","type":"post","link":"https:\/\/edublog.educastur.es\/ixuxu\/2025\/12\/el-tiempu-el-comercio-209\/","title":{"rendered":"El tiempu (El Comercio)"},"content":{"rendered":"<p style=\"text-align: center\"><a href=\"https:\/\/s1.ppllstatics.com\/elcomercio\/www\/multimedia\/2025\/12\/13\/prevision-tiempo-asturias-kaZF-U2302588077118HVD-1200x870@El%20Comercio.jpg\"><img loading=\"lazy\" decoding=\"async\" class=\"aligncenter size-large\" src=\"https:\/\/s1.ppllstatics.com\/elcomercio\/www\/multimedia\/2025\/12\/13\/prevision-tiempo-asturias-kaZF-U2302588077118HVD-1200x870@El%20Comercio.jpg\" width=\"1200\" height=\"870\" \/><\/a><\/p>\n<p>Esperamos una xornada meteorol\u00f3xica estable en tol Princip\u00e1u d&#8217;Asturies.<strong> Pela ma\u00f1ana<\/strong> prevense delles borrines en zones propenses del centru que r\u00e1pido s&#8217;estenar\u00e1n. Nel restu vamos amanecer con cielos pr\u00e1cticamente estenos, y asina se van caltener mientres tola xornada.<strong> Los vientos<\/strong> van ser fluexos y variables, anque van tender a afitase de sur a partir de la tarde y, inclusive, nun se refuga qu&#8217;empiecen a aumentar la intensid\u00e1 de les raches antes de concluyir el d\u00eda, siquier nel cordal. <strong>Les temperatures m\u00e1ximes<\/strong> van xubir ente 3 y 4 \u00baC en casi tola Comunid\u00e1 Aut\u00f3noma en comparanza coles anotaes el s\u00e1badu. <strong>Les m\u00ednimes<\/strong> van baxar nel occidente y van caltenese nel restu.<\/p>\n<p><!--more--><\/p>\n<p>El llunes vamos empezar la selmana con una ma\u00f1ana soleyera. A lo llargo de la tarde van entrar nubes medies y altes pol occidente y van ser posibles dellos bastios nel terciu oeste mientres les \u00faltimes hores. Los vientos van soplar de componente sur moderaos y con posibilid\u00e1 de raches fuertes nel cordal nes hores centrales del d\u00eda. Les temperatures m\u00e1ximes van baxar nel oeste y nel sur asturianu. Les m\u00ednimes van xubir de forma xeneralizada.<\/p>\n<p>El martes vamos tener cielos bien nublos con precipitaciones xeneralizaes y con nevaes a partir de los 1500 metros.<\/p>\n","protected":false},"excerpt":{"rendered":"<p>Esperamos una xornada meteorol\u00f3xica estable en tol Princip\u00e1u d&#8217;Asturies. Pela ma\u00f1ana prevense delles borrines en zones propenses del centru que r\u00e1pido s&#8217;estenar\u00e1n. Nel restu vamos amanecer con cielos pr\u00e1cticamente estenos, y asina se van caltener mientres tola xornada. Los vientos van ser fluexos y variables, anque van tender a afitase de sur a partir de [&hellip;]<\/p>\n","protected":false},"author":117,"featured_media":0,"comment_status":"closed","ping_status":"closed","sticky":false,"template":"","format":"standard","meta":{"footnotes":""},"categories":[5],"tags":[],"class_list":["post-63532","post","type-post","status-publish","format-standard","hentry","category-tiempu"],"_links":{"self":[{"href":"https:\/\/edublog.educastur.es\/ixuxu\/wp-json\/wp\/v2\/posts\/63532","targetHints":{"allow":["GET"]}}],"collection":[{"href":"https:\/\/edublog.educastur.es\/ixuxu\/wp-json\/wp\/v2\/posts"}],"about":[{"href":"https:\/\/edublog.educastur.es\/ixuxu\/wp-json\/wp\/v2\/types\/post"}],"author":[{"embeddable":true,"href":"https:\/\/edublog.educastur.es\/ixuxu\/wp-json\/wp\/v2\/users\/117"}],"replies":[{"embeddable":true,"href":"https:\/\/edublog.educastur.es\/ixuxu\/wp-json\/wp\/v2\/comments?post=63532"}],"version-history":[{"count":3,"href":"https:\/\/edublog.educastur.es\/ixuxu\/wp-json\/wp\/v2\/posts\/63532\/revisions"}],"predecessor-version":[{"id":63535,"href":"https:\/\/edublog.educastur.es\/ixuxu\/wp-json\/wp\/v2\/posts\/63532\/revisions\/63535"}],"wp:attachment":[{"href":"https:\/\/edublog.educastur.es\/ixuxu\/wp-json\/wp\/v2\/media?parent=63532"}],"wp:term":[{"taxonomy":"category","embeddable":true,"href":"https:\/\/edublog.educastur.es\/ixuxu\/wp-json\/wp\/v2\/categories?post=63532"},{"taxonomy":"post_tag","embeddable":true,"href":"https:\/\/edublog.educastur.es\/ixuxu\/wp-json\/wp\/v2\/tags?post=63532"}],"curies":[{"name":"wp","href":"https:\/\/api.w.org\/{rel}","templated":true}]}}