{"id":63538,"date":"2025-12-13T11:55:57","date_gmt":"2025-12-13T09:55:57","guid":{"rendered":"https:\/\/edublog.educastur.es\/ixuxu\/?p=63538"},"modified":"2025-12-15T12:30:39","modified_gmt":"2025-12-15T10:30:39","slug":"el-pactu-del-osu","status":"publish","type":"post","link":"https:\/\/edublog.educastur.es\/ixuxu\/2025\/12\/el-pactu-del-osu\/","title":{"rendered":"\u201cEl pactu del osu\u201d"},"content":{"rendered":"<div class=\"html-div xdj266r xat24cr x1lziwak xexx8yu xyri2b x18d9i69 x1c1uobl x78zum5 x2lah0s xqtp20y x1xegmmw\">\n<div class=\"xc9qbxq x1td3qas x6s0dn4 x78zum5 xl56j7k\">\n<div class=\"\" style=\"text-align: center\">\n<!-- iframe plugin v.6.0 wordpress.org\/plugins\/iframe\/ -->\n<iframe loading=\"lazy\" src=\"https:\/\/www.facebook.com\/plugins\/video.php?height=314&#038;href=https%3A%2F%2Fwww.facebook.com%2Freel%2F1467429685030250%2F&#038;show_text=false&#038;width=560&#038;t=0\" width=\"560\" height=\"314\" style=\"border:none;overflow:hidden\" scrolling=\"no\" frameborder=\"0\" allowfullscreen=\"true\" allow=\"autoplay; clipboard-write; encrypted-media; picture-in-picture; web-share\" 0=\"\/iframe\" class=\"iframe-class\"><\/iframe>\n<\/div>\n<\/div>\n<\/div>\n<div class=\"html-div xdj266r x14z9mp xat24cr x1lziwak xexx8yu xyri2b x18d9i69 x1c1uobl x1iyjqo2 xeuugli\">\n<div class=\"x78zum5 xdt5ytf xz62fqu x16ldp7u\">\n<div class=\"xu06os2 x1ok221b\">\n<p class=\"html-h3 x14z9mp xat24cr x1lziwak xexx8yu xyri2b x18d9i69 x1c1uobl x1vvkbs x1heor9g x1qlqyl8 x1pd3egz x1a2a7pz x1gslohp x1yc453h\">\u00a0<span class=\"html-span xexx8yu xyri2b x18d9i69 x1c1uobl x1hl2dhg x16tdsg8 x1vvkbs x3nfvp2 x1j61x8r x1fcty0u xdj266r xat24cr xm2jcoa x1mpyi22 xxymvpz xlup9mm x1kky2od\"><span class=\"html-span xexx8yu xyri2b x18d9i69 x1c1uobl x1hl2dhg x16tdsg8 x1vvkbs x3nfvp2 x1j61x8r x1fcty0u xdj266r xat24cr xm2jcoa x1mpyi22 xxymvpz xlup9mm x1kky2od\">\ud83d\udc3b\ud83e\uddcdMientres a\u00f1os, los seres humanos y los osos tuvieron un pactu. N\u00f3s non nos acercabamos a ellos, y ellos nun s&#8217;averaben a n\u00f3s. Agora, esto camud\u00f3, <strong>los osos pardos t\u00e1n qued\u00e1ndose ensin \u00e1rboles y frutos de los qu&#8217;alimentase, y t\u00e1n baxando a les zones habitaes.<\/strong> \u26a0\ufe0fLa esmolici\u00f3n social rescampla, distintos vecinos atop\u00e1ronse con osos en zones urbanes. Por ello, p\u00fanxose en marcha&#8217;l Proyectu Life de Coesistencia, onde los conceyos del Cordal Cant\u00e1bricu trabayen para garantizar una coesistencia segura tantu para los osos como para n\u00f3s. <\/span><span class=\"x78zum5 x1q0g3np\"><span class=\"x1lliihq x6ikm8r x10wlt62 x1n2onr6 xlyipyv xuxw1ft\"><span class=\"xt0psk2\"><span class=\"xjp7ctv\"><a class=\"x1i10hfl xjbqb8w x1ejq31n x18oe1m7 x1sy0etr xstzfhl x972fbf x10w94by x1qhh985 x14e42zd x9f619 x1ypdohk xt0psk2 x3ct3a4 xdj266r x14z9mp xat24cr x1lziwak xexx8yu xyri2b x18d9i69 x1c1uobl x16tdsg8 x1hl2dhg xggy1nq x1a2a7pz xkrqix3 x1sur9pj xzsf02u x1s688f\" role=\"link\" href=\"https:\/\/www.facebook.com\/elescarabajoverde?__cft__[0]=AZaOzMshnq8_UNuHqXxIDTON1TCDw19CJOKVZY8En83GFzr9brk4HVsc1QcGYFZKNdjnS_msb-M-6WzmEWaczGSMZRolHH4S_ksGuVmKvGb1Lq3pFzyJsVC-bfJ6ez1S0iN4n5k44Rp_b2BScSVTFmX6wDXDF95gwFsoT1u_soDCMrJnQzTY8uCRqmixP4iuojMkeTibsQH5pigtEeiIpYzh&amp;__tn__=-UC%2CP-y-R\"><b class=\"html-b xdj266r x14z9mp xat24cr x1lziwak xexx8yu xyri2b x18d9i69 x1c1uobl x1hl2dhg x16tdsg8 x1vvkbs x1s688f\"><span class=\"html-span xdj266r x14z9mp xat24cr x1lziwak xexx8yu xyri2b x18d9i69 x1c1uobl x1hl2dhg x16tdsg8 x1vvkbs\">El Escarabajo Verde<\/span><\/b><\/a><\/span><\/span><\/span><\/span><\/span>\ud83d\udc3e\u201cEl pactu del osu\u201d, S\u00e1badu a les 22:30 nel 24H \ud83d\udd65 | Domingu a les 13:30 en @la2_tve y @rtveplay \ud83d\udcfa\ud83e\udeb2<\/p>\n<\/div>\n<\/div>\n<\/div>\n","protected":false},"excerpt":{"rendered":"<p>\u00a0\ud83d\udc3b\ud83e\uddcdMientres a\u00f1os, los seres humanos y los osos tuvieron un pactu. N\u00f3s non nos acercabamos a ellos, y ellos nun s&#8217;averaben a n\u00f3s. Agora, esto camud\u00f3, los osos pardos t\u00e1n qued\u00e1ndose ensin \u00e1rboles y frutos de los qu&#8217;alimentase, y t\u00e1n baxando a les zones habitaes. \u26a0\ufe0fLa esmolici\u00f3n social rescampla, distintos vecinos atop\u00e1ronse con osos en [&hellip;]<\/p>\n","protected":false},"author":117,"featured_media":0,"comment_status":"closed","ping_status":"closed","sticky":false,"template":"","format":"standard","meta":{"footnotes":""},"categories":[1],"tags":[],"class_list":["post-63538","post","type-post","status-publish","format-standard","hentry","category-sin-categoria"],"_links":{"self":[{"href":"https:\/\/edublog.educastur.es\/ixuxu\/wp-json\/wp\/v2\/posts\/63538","targetHints":{"allow":["GET"]}}],"collection":[{"href":"https:\/\/edublog.educastur.es\/ixuxu\/wp-json\/wp\/v2\/posts"}],"about":[{"href":"https:\/\/edublog.educastur.es\/ixuxu\/wp-json\/wp\/v2\/types\/post"}],"author":[{"embeddable":true,"href":"https:\/\/edublog.educastur.es\/ixuxu\/wp-json\/wp\/v2\/users\/117"}],"replies":[{"embeddable":true,"href":"https:\/\/edublog.educastur.es\/ixuxu\/wp-json\/wp\/v2\/comments?post=63538"}],"version-history":[{"count":3,"href":"https:\/\/edublog.educastur.es\/ixuxu\/wp-json\/wp\/v2\/posts\/63538\/revisions"}],"predecessor-version":[{"id":63673,"href":"https:\/\/edublog.educastur.es\/ixuxu\/wp-json\/wp\/v2\/posts\/63538\/revisions\/63673"}],"wp:attachment":[{"href":"https:\/\/edublog.educastur.es\/ixuxu\/wp-json\/wp\/v2\/media?parent=63538"}],"wp:term":[{"taxonomy":"category","embeddable":true,"href":"https:\/\/edublog.educastur.es\/ixuxu\/wp-json\/wp\/v2\/categories?post=63538"},{"taxonomy":"post_tag","embeddable":true,"href":"https:\/\/edublog.educastur.es\/ixuxu\/wp-json\/wp\/v2\/tags?post=63538"}],"curies":[{"name":"wp","href":"https:\/\/api.w.org\/{rel}","templated":true}]}}