{"id":63540,"date":"2025-12-13T11:30:54","date_gmt":"2025-12-13T09:30:54","guid":{"rendered":"https:\/\/edublog.educastur.es\/ixuxu\/?p=63540"},"modified":"2025-12-14T14:26:40","modified_gmt":"2025-12-14T12:26:40","slug":"63540","status":"publish","type":"post","link":"https:\/\/edublog.educastur.es\/ixuxu\/2025\/12\/63540\/","title":{"rendered":"Espa\u00f1a, quinta n&#8217;Eurovisi\u00f3n Junior"},"content":{"rendered":"<p>Gonzalo Pinillos, representante d&#8217;Espa\u00f1a n&#8217;Eurovisi\u00f3n Junior: \u00abNun m&#8217;esperaba na vida cuesas como que fora a grabar con Chenoa\u00bb. El mozu cantante madrilanu prep\u00e1rase para \u00abesfrutar enforma\u00bb esta tarde en Tiflis con un cantar que reivindica la llectura.<a href=\"https:\/\/www.elmundo.es\/television\/2025\/12\/13\/693d3c9afc6c8385738b456d.html\"> El Mundo<\/a> \/ <a href=\"https:\/\/www.elmundo.es\/television\/2025\/12\/13\/693dafa8fc6c83460c8b4576.html\">El Mundo<\/a><\/p>\n<p style=\"text-align: center\">\n<!-- iframe plugin v.6.0 wordpress.org\/plugins\/iframe\/ -->\n<iframe loading=\"lazy\" width=\"646\" height=\"363\" src=\"https:\/\/www.youtube.com\/embed\/3OAaxhvRoW8\" title=\"Gonzalo Pinillos - \u00c9rase Una Vez (Once Upon a Time) (LIVE) | Spain \ud83c\uddea\ud83c\uddf8 | Junior Eurovision 2025\" frameborder=\"0\" allow=\"accelerometer; autoplay; clipboard-write; encrypted-media; gyroscope; picture-in-picture; web-share\" referrerpolicy=\"strict-origin-when-cross-origin\" 0=\"allowfullscreen\" 1=\"\/iframe\" scrolling=\"yes\" class=\"iframe-class\"><\/iframe>\n<\/p>\n<p><em>Quiero siguir faciendo m\u00e1s m\u00fasica, m\u00e1s musicales y encantar\u00edame meteme nel mundu del cine porque m&#8217;encanta la interpretaci\u00f3n.<\/em><\/p>\n<p><!--more--><\/p>\n<p style=\"text-align: center\"><a href=\"https:\/\/e01-phantom-elmundo.uecdn.es\/6adaffd2141d1bae95cc60590cd9ab20\/resize\/920\/f\/webp\/assets\/multimedia\/imagenes\/2025\/12\/13\/17656209699978.jpg\"><img loading=\"lazy\" decoding=\"async\" class=\"aligncenter size-large\" src=\"https:\/\/e01-phantom-elmundo.uecdn.es\/6adaffd2141d1bae95cc60590cd9ab20\/resize\/920\/f\/webp\/assets\/multimedia\/imagenes\/2025\/12\/13\/17656209699978.jpg\" width=\"920\" height=\"690\" \/><\/a><\/p>\n<p>Francia gana Eurovisi\u00f3n Junior: el televoto &#8216;cute&#8217; a Espa\u00f1a, magar un Gonzalo Pinillos sobeyosu.<\/p>\n<p style=\"text-align: center\"><a href=\"https:\/\/e01-phantom-elmundo.uecdn.es\/118645d50b1a4c92c2c48bf5131f2a96\/crop\/0x0\/2000x1333\/resize\/920\/f\/webp\/assets\/multimedia\/imagenes\/2025\/12\/13\/17656497656393.jpg\"><img loading=\"lazy\" decoding=\"async\" class=\"aligncenter size-large\" src=\"https:\/\/e01-phantom-elmundo.uecdn.es\/118645d50b1a4c92c2c48bf5131f2a96\/crop\/0x0\/2000x1333\/resize\/920\/f\/webp\/assets\/multimedia\/imagenes\/2025\/12\/13\/17656497656393.jpg\" width=\"920\" height=\"613\" \/><\/a><\/p>\n<p style=\"text-align: center\">\n<!-- iframe plugin v.6.0 wordpress.org\/plugins\/iframe\/ -->\n<iframe loading=\"lazy\" width=\"646\" height=\"363\" src=\"https:\/\/www.youtube.com\/embed\/gv2fdE98vpA\" title=\"Lou Deleuze - Ce Monde (EN DIRECTO) | Francia \ud83c\uddeb\ud83c\uddf7 | Eurovisi\u00f3n Junior 2025 | #JESC2025\" frameborder=\"0\" allow=\"accelerometer; autoplay; clipboard-write; encrypted-media; gyroscope; picture-in-picture; web-share\" referrerpolicy=\"strict-origin-when-cross-origin\" 0=\"allowfullscreen\" 1=\"\/iframe\" scrolling=\"yes\" class=\"iframe-class\"><\/iframe>\n<\/p>\n<p>Tres la salida d&#8217;Espa\u00f1a d&#8217;Eurovisi\u00f3n, el Festival d&#8217;Eurovisi\u00f3n Junior yera la \u00fanica esperanza de los eurofans y de RTVE. El <strong>\u00c9rase una vegada<\/strong> de Gonzalo Pinillos convenci\u00f3 al xur\u00e1u, pero a non al votu del p\u00fablicu, que-y dio solo 54 puntos. Quedamos quintos.<\/p>\n<blockquote><p><i>\u00abEsp\u00e9rame en <strong>Liliput<\/strong> \/ En <strong>Narnia<\/strong>, en <strong>Oz<\/strong> \/ En <strong>Neverland<\/strong>&#8230;\u00bb<\/i>, dice la canci\u00f3n con la que <strong>Gonzalo Pinillos<\/strong> ha representado a <strong>Espa\u00f1a<\/strong> en <strong>Eurovisi\u00f3n<\/strong> y con la que <i>\u00abI can see the colors of my&#8230;\u00bb<\/i> y no pudo ser lo de cumplir los sue\u00f1os de Gonzalo Pinillos, ni de RTVE, ni de los eurofans, ni de Espa\u00f1a.<\/p><\/blockquote>\n<p>Los adultos tenemos la zuna de convertir les coses que son de ne\u00f1os en coses d&#8217;adultos. La Uni\u00f3n Europea de Radiodifusi\u00f3n (UER) decidi\u00f3 inventase Eurovisi\u00f3n Junior nel a\u00f1u 2003 para sacar m\u00e1s r\u00e9ditu al eventu d&#8217;entretenimientu de la televisi\u00f3n que m\u00e1s audiencia xenera. Empez\u00f3 siendo eso, una cosa de ne\u00f1os; termin\u00f3 siendo un Festival nel que sobro l&#8217;escenariu ll\u00e1ntense ne\u00f1os, pero como si fueren adultos: maquillaos como puertes, vist\u00edos como si en llugar de 12 a\u00f1os y\u00e1 tuvieren la mayor\u00eda d&#8217;ed\u00e1, con puestes n&#8217;escena que si les llevaren al Eurovisi\u00f3n d&#8217;adultos naide decatase de que sobre l&#8217;escenariu hai un ne\u00f1u. Ye lo malo d&#8217;estos eventos y programes que son de ne\u00f1os, pero que nun se quier que s\u00edan pa ne\u00f1os.<\/p>\n<p>Sicas\u00ed, Espa\u00f1a cumpli\u00f3 colo que tien de ser un festival de ne\u00f1os: llev\u00f3 a un ne\u00f1u, cant\u00f3 unu cantar de ne\u00f1os, cre\u00f3 una puesta n&#8217;escena de ne\u00f1os, unvi\u00f3 un mensaxe para ne\u00f1os (y adultos). Pero nun foi abondu. Los espectadores prefirieron \u00ablo de siempre\u00bb de Francia y el sofitu moral a Ucrania, primero que&#8217;l cantar d&#8217;Espa\u00f1a.<\/p>\n<p>La puesta n&#8217;escena d&#8217;Espa\u00f1a articul\u00f3&#8217;l cantar en tr\u00e9s actos: un entamu \u00edntimu de Gonzalo Pinillos al pianu xustu antes de ponese a lleer, una transici\u00f3n escontra la enerx\u00eda compartida colos sos baillarinos al somorguiase xuntos na llectura, y un final nel que la maxa de los llibros, la fantas\u00eda y el teatru musical combin\u00e1ronse con coreograf\u00eda, efectos y espectaculares visuales inmersivos.<\/p>\n","protected":false},"excerpt":{"rendered":"<p>Gonzalo Pinillos, representante d&#8217;Espa\u00f1a n&#8217;Eurovisi\u00f3n Junior: \u00abNun m&#8217;esperaba na vida cuesas como que fora a grabar con Chenoa\u00bb. El mozu cantante madrilanu prep\u00e1rase para \u00abesfrutar enforma\u00bb esta tarde en Tiflis con un cantar que reivindica la llectura. El Mundo \/ El Mundo Quiero siguir faciendo m\u00e1s m\u00fasica, m\u00e1s musicales y encantar\u00edame meteme nel mundu del [&hellip;]<\/p>\n","protected":false},"author":117,"featured_media":0,"comment_status":"closed","ping_status":"closed","sticky":false,"template":"","format":"standard","meta":{"footnotes":""},"categories":[61,35],"tags":[],"class_list":["post-63540","post","type-post","status-publish","format-standard","hentry","category-concursu","category-musica"],"_links":{"self":[{"href":"https:\/\/edublog.educastur.es\/ixuxu\/wp-json\/wp\/v2\/posts\/63540","targetHints":{"allow":["GET"]}}],"collection":[{"href":"https:\/\/edublog.educastur.es\/ixuxu\/wp-json\/wp\/v2\/posts"}],"about":[{"href":"https:\/\/edublog.educastur.es\/ixuxu\/wp-json\/wp\/v2\/types\/post"}],"author":[{"embeddable":true,"href":"https:\/\/edublog.educastur.es\/ixuxu\/wp-json\/wp\/v2\/users\/117"}],"replies":[{"embeddable":true,"href":"https:\/\/edublog.educastur.es\/ixuxu\/wp-json\/wp\/v2\/comments?post=63540"}],"version-history":[{"count":5,"href":"https:\/\/edublog.educastur.es\/ixuxu\/wp-json\/wp\/v2\/posts\/63540\/revisions"}],"predecessor-version":[{"id":63553,"href":"https:\/\/edublog.educastur.es\/ixuxu\/wp-json\/wp\/v2\/posts\/63540\/revisions\/63553"}],"wp:attachment":[{"href":"https:\/\/edublog.educastur.es\/ixuxu\/wp-json\/wp\/v2\/media?parent=63540"}],"wp:term":[{"taxonomy":"category","embeddable":true,"href":"https:\/\/edublog.educastur.es\/ixuxu\/wp-json\/wp\/v2\/categories?post=63540"},{"taxonomy":"post_tag","embeddable":true,"href":"https:\/\/edublog.educastur.es\/ixuxu\/wp-json\/wp\/v2\/tags?post=63540"}],"curies":[{"name":"wp","href":"https:\/\/api.w.org\/{rel}","templated":true}]}}