{"id":63565,"date":"2025-12-14T15:27:27","date_gmt":"2025-12-14T13:27:27","guid":{"rendered":"https:\/\/edublog.educastur.es\/ixuxu\/?p=63565"},"modified":"2025-12-14T15:27:27","modified_gmt":"2025-12-14T13:27:27","slug":"aviles-y-uvieu-primeres-feches-de-la-xira-proxima-de-rodrigo-cuevas","status":"publish","type":"post","link":"https:\/\/edublog.educastur.es\/ixuxu\/2025\/12\/aviles-y-uvieu-primeres-feches-de-la-xira-proxima-de-rodrigo-cuevas\/","title":{"rendered":"Avil\u00e9s y Uvi\u00e9u, primeres feches de la xira pr\u00f3xima de Rodrigo Cuevas"},"content":{"rendered":"<p style=\"text-align: center\">\n<!-- iframe plugin v.6.0 wordpress.org\/plugins\/iframe\/ -->\n<iframe loading=\"lazy\" width=\"100%\" height=\"442\" src=\"https:\/\/www.youtube.com\/embed\/BIPUYWRPyxM\" title=\"Rodrigo Cuevas, Massiel - Un Mundo Feliz (Video Oficial)\" frameborder=\"0\" allow=\"accelerometer; autoplay; clipboard-write; encrypted-media; gyroscope; picture-in-picture; web-share\" referrerpolicy=\"strict-origin-when-cross-origin\" 0=\"allowfullscreen\" 1=\"\/iframe\" scrolling=\"yes\" class=\"iframe-class\"><\/iframe>\n<\/p>\n<p><!--more--><\/p>\n<p style=\"text-align: center\"><a href=\"https:\/\/musicasturiana.com\/wp-content\/uploads\/2025\/12\/image-4.png\"><img loading=\"lazy\" decoding=\"async\" class=\"aligncenter size-large\" src=\"https:\/\/musicasturiana.com\/wp-content\/uploads\/2025\/12\/image-4.png\" width=\"674\" height=\"852\" \/><\/a><\/p>\n<p>Y\u00e1 ta la maquinaria encesa pa recibir el que va ser el<strong> tercer trabayu discogr\u00e1ficu<\/strong> de llarga duraci\u00f3n de<strong> Rodrigo Cuevas.<\/strong> Un d\u00eda dempu\u00e9s d\u2019asoleyar el primer single d\u2019adelantu,<strong> <a href=\"https:\/\/youtu.be\/BIPUYWRPyxM?si=sRVq5IzszXsiN0-L\" target=\"_blank\" rel=\"noreferrer noopener\">\u2018Un mundo feliz\u2019<\/a><\/strong>, que cunta cola collaboraci\u00f3n de <strong>Massiel<\/strong>, el \u00abministru de verbenes\u00bb anuncia les <strong>ocho primeres feches<\/strong> de la so pr\u00f3xima xira<strong> <em>La Belleza<\/em><\/strong>. El<strong> 24 d\u2019abril n\u2019Avil\u00e9s <\/strong>y el<strong> 21 de setiembre n\u2019Uvi\u00e9u<\/strong>, dientro de<strong> San Mateo<\/strong>, son les primeres cites anunciaes n\u2019Asturies.<\/p>\n<p>El 3 d\u2019ochobre de 2024 remat\u00f3 la xira <em><strong>La Romer\u00eda<\/strong><\/em>, qu\u2019acompa\u00f1\u00f3 al aclam\u00e1u discu <em><a href=\"https:\/\/musicasturiana.com\/manual-de-romeria-entra-nel-top10-de-los-albumes-mas-vendios-nel-estau-espanol\/\">Manual de Romer\u00eda<\/a><\/em>. D\u2019ent\u00f3s pac\u00e1 Rodrigo Cuevas nun volvi\u00f3 a<strong> xubir a los escenarios<\/strong> acompa\u00f1\u00e1u de la so banda -s\u00ed que lo fizo en solitario, pa <strong>sofitar delles iniciatives de calter social <\/strong>como\u2019l conciertu solidariu por <strong>Palestina <\/strong>o\u2019l 40 aniversariu de <strong>Radio Kras<\/strong>-; y tuvo trabayando no que va ser el so <strong>pr\u00f3ximu discu y espect\u00e1culu<\/strong>.<\/p>\n<p>L\u2019adelantu del so tercer \u00e1lbum ye \u2018<a href=\"https:\/\/open.spotify.com\/intl-es\/track\/1UwbvBUt2EZYpP5pM6dzfH?si=5ed3e948da8a4c85\" target=\"_blank\" rel=\"noreferrer noopener\">Un mundo feliz<\/a>\u2018, un tema con dalguna pallabra n\u2019asturianu col que l\u2019axitador cultural presenta un<strong> mundu alternativu<\/strong>; muncho m\u00e1s llibre y prestosu y nel que, ente les munches coses poles que nagua l\u2019artista n\u00e9l, reivindica que \u00ab<strong>la xente fala n\u2019asturianu, ye la llingua oficial<\/strong>\u00ab. Xunto a \u00e9l pon voz, Massiel, hist\u00f3rica de la m\u00fasica espa\u00f1ola retirada de los escenarios dende 2013 y que nesta edici\u00f3n del <strong>FICX <\/strong>recoy\u00f3 un gallard\u00f3n n\u2019homenaxe a la so trayectoria cantando xunto a Cuevas nun <strong>Teatru Xovellanos<\/strong> enllenu.<\/p>\n","protected":false},"excerpt":{"rendered":"","protected":false},"author":117,"featured_media":0,"comment_status":"closed","ping_status":"closed","sticky":false,"template":"","format":"standard","meta":{"footnotes":""},"categories":[35,125],"tags":[],"class_list":["post-63565","post","type-post","status-publish","format-standard","hentry","category-musica","category-musicasturiana-com"],"_links":{"self":[{"href":"https:\/\/edublog.educastur.es\/ixuxu\/wp-json\/wp\/v2\/posts\/63565","targetHints":{"allow":["GET"]}}],"collection":[{"href":"https:\/\/edublog.educastur.es\/ixuxu\/wp-json\/wp\/v2\/posts"}],"about":[{"href":"https:\/\/edublog.educastur.es\/ixuxu\/wp-json\/wp\/v2\/types\/post"}],"author":[{"embeddable":true,"href":"https:\/\/edublog.educastur.es\/ixuxu\/wp-json\/wp\/v2\/users\/117"}],"replies":[{"embeddable":true,"href":"https:\/\/edublog.educastur.es\/ixuxu\/wp-json\/wp\/v2\/comments?post=63565"}],"version-history":[{"count":1,"href":"https:\/\/edublog.educastur.es\/ixuxu\/wp-json\/wp\/v2\/posts\/63565\/revisions"}],"predecessor-version":[{"id":63566,"href":"https:\/\/edublog.educastur.es\/ixuxu\/wp-json\/wp\/v2\/posts\/63565\/revisions\/63566"}],"wp:attachment":[{"href":"https:\/\/edublog.educastur.es\/ixuxu\/wp-json\/wp\/v2\/media?parent=63565"}],"wp:term":[{"taxonomy":"category","embeddable":true,"href":"https:\/\/edublog.educastur.es\/ixuxu\/wp-json\/wp\/v2\/categories?post=63565"},{"taxonomy":"post_tag","embeddable":true,"href":"https:\/\/edublog.educastur.es\/ixuxu\/wp-json\/wp\/v2\/tags?post=63565"}],"curies":[{"name":"wp","href":"https:\/\/api.w.org\/{rel}","templated":true}]}}