{"id":63567,"date":"2025-12-13T19:44:26","date_gmt":"2025-12-13T17:44:26","guid":{"rendered":"https:\/\/edublog.educastur.es\/ixuxu\/?p=63567"},"modified":"2025-12-14T20:11:12","modified_gmt":"2025-12-14T18:11:12","slug":"xxxiii-premiu-teodoro-cuesta-2024-de-poesia","status":"publish","type":"post","link":"https:\/\/edublog.educastur.es\/ixuxu\/2025\/12\/xxxiii-premiu-teodoro-cuesta-2024-de-poesia\/","title":{"rendered":"XXXIII Premiu Teodoro Cuesta 2024 de Poes\u00eda"},"content":{"rendered":"<p style=\"text-align: center\">\n<!-- iframe plugin v.6.0 wordpress.org\/plugins\/iframe\/ -->\n<iframe loading=\"lazy\" src=\"https:\/\/www.facebook.com\/plugins\/post.php?href=https%3A%2F%2Fwww.facebook.com%2Fisa.lobo.35%2Fposts%2Fpfbid024g6TWfmbFhx6r7vAx3qX7ZWcnASnA3F7nU1Auqm1SJdCPiAZ63J6xW6Tvq5QxYi7l&#038;show_text=true&#038;width=500\" width=\"500\" height=\"664\" style=\"border:none;overflow:hidden\" scrolling=\"no\" frameborder=\"0\" allowfullscreen=\"true\" allow=\"autoplay; clipboard-write; encrypted-media; picture-in-picture; web-share\" 0=\"\/iframe\" class=\"iframe-class\"><\/iframe>\n<\/p>\n<p><span class=\"x193iq5w xeuugli x13faqbe x1vvkbs x1xmvt09 x1lliihq x1s928wv xhkezso x1gmr53x x1cpjm7i x1fgarty x1943h6x xudqn12 x3x7a5m x1f6kntn xvq8zen xo1l8bm xzsf02u x1yc453h\" dir=\"auto\">Flamante <strong>Premiu Teodoro Cuesta 2024 de Poes\u00eda<\/strong> <span class=\"html-span xexx8yu xyri2b x18d9i69 x1c1uobl x1hl2dhg x16tdsg8 x1vvkbs x3nfvp2 x1j61x8r x1fcty0u xdj266r xat24cr xm2jcoa x1mpyi22 xxymvpz xlup9mm x1kky2od\"><img loading=\"lazy\" decoding=\"async\" class=\"xz74otr x15mokao x1ga7v0g x16uus16 xbiv7yw\" src=\"https:\/\/static.xx.fbcdn.net\/images\/emoji.php\/v9\/t4f\/1\/16\/2712.png\" alt=\"\u2712\ufe0f\" width=\"16\" height=\"16\" \/><\/span> <span class=\"html-span xdj266r x14z9mp xat24cr x1lziwak xexx8yu xyri2b x18d9i69 x1c1uobl x1hl2dhg x16tdsg8 x1vvkbs\"><a class=\"x1i10hfl xjbqb8w x1ejq31n x18oe1m7 x1sy0etr xstzfhl x972fbf x10w94by x1qhh985 x14e42zd x9f619 x1ypdohk xt0psk2 x3ct3a4 xdj266r x14z9mp xat24cr x1lziwak xexx8yu xyri2b x18d9i69 x1c1uobl x16tdsg8 x1hl2dhg xggy1nq x1a2a7pz xkrqix3 x1sur9pj x1fey0fg x1s688f\" role=\"link\" href=\"https:\/\/www.facebook.com\/alfredo.garaymenendez?__cft__[0]=AZaN1oxju3HldCIdexiS36r_dud4M78FaNr5nWJKmwFqM0m5UaSLGFPVj3G3ciYkjio_3OnOhxt-XugxR5pG546jbJoJOJGSMSIfkLV12e688cBP4RRHg0YF-lj66J68djE&amp;__tn__=-]K-R\"><span class=\"xt0psk2\"><span class=\"xjp7ctv\">Alfredo Garay Men\u00e9ndez<\/span><\/span><\/a><\/span> <span class=\"html-span xexx8yu xyri2b x18d9i69 x1c1uobl x1hl2dhg x16tdsg8 x1vvkbs x3nfvp2 x1j61x8r x1fcty0u xdj266r xat24cr xm2jcoa x1mpyi22 xxymvpz xlup9mm x1kky2od\"><img loading=\"lazy\" decoding=\"async\" class=\"xz74otr x15mokao x1ga7v0g x16uus16 xbiv7yw\" src=\"https:\/\/static.xx.fbcdn.net\/images\/emoji.php\/v9\/t8a\/1\/16\/1f447_1f3fb.png\" alt=\"\ud83d\udc47\ud83c\udffb\" width=\"16\" height=\"16\" \/><\/span> Ed. Trabe \u00a0<span class=\"html-span xdj266r x14z9mp xat24cr x1lziwak xexx8yu xyri2b x18d9i69 x1c1uobl x1hl2dhg x16tdsg8 x1vvkbs\"><a class=\"x1i10hfl xjbqb8w x1ejq31n x18oe1m7 x1sy0etr xstzfhl x972fbf x10w94by x1qhh985 x14e42zd x9f619 x1ypdohk xt0psk2 x3ct3a4 xdj266r x14z9mp xat24cr x1lziwak xexx8yu xyri2b x18d9i69 x1c1uobl x16tdsg8 x1hl2dhg xggy1nq x1a2a7pz xkrqix3 x1sur9pj x1fey0fg x1s688f\" role=\"link\" href=\"https:\/\/tienda.trabe.org\/as\/poesia\/2625-rumbu.html?fbclid=IwZXh0bgNhZW0CMTAAYnJpZBEwY2hMbkN5RGFUSVFNRXNCQ3NydGMGYXBwX2lkEDIyMjAzOTE3ODgyMDA4OTIAAR4H45lCYC7gY3EypUCwB1y6mCXR7bHhCfJ2prxwlD72vcadavREgUmvZfXLLA_aem_NrUYGeT2yoN1uIFi78Fbng\" target=\"_blank\" rel=\"nofollow noopener noreferrer\">https:\/\/tienda.trabe.org\/as\/poesia\/2625-rumbu.html<\/a><\/span><\/span><\/p>\n<div dir=\"auto\"><!--more--><\/div>\n<div dir=\"auto\"><strong><span style=\"color: #008080\">RUMBU<\/span><\/strong><\/div>\n<div dir=\"auto\"><strong><span style=\"color: #008080\">Premiu \u00abTeodoro Cuesta\u00bb 2024<\/span><\/strong><\/div>\n<div dir=\"auto\"><strong><span style=\"color: #008080\">Alfredo Garay Men\u00e9ndez<\/span><\/strong><\/div>\n<div dir=\"auto\"><strong><span style=\"color: #008080\">Pontiga, 58<\/span><\/strong><\/div>\n<div dir=\"auto\"><strong><span style=\"color: #008080\">978-84-10345-44-7<\/span><\/strong><\/div>\n<div dir=\"auto\"><strong><span style=\"color: #008080\">68 pp. \/ 14 x 21 cm \/ 15 \u20ac<\/span><\/strong><\/div>\n<div dir=\"auto\"><\/div>\n<p style=\"text-align: center\"><a href=\"https:\/\/tienda.trabe.org\/1319-large_default\/rumbu.jpg\"><img loading=\"lazy\" decoding=\"async\" class=\"aligncenter size-large\" src=\"https:\/\/tienda.trabe.org\/1319-large_default\/rumbu.jpg\" width=\"418\" height=\"467\" \/><\/a><\/p>\n<p>El Premiu Teodoro Cuesta, dot\u00e1u con 4.000 euros, cre\u00f3se nel a\u00f1u 1991 y consid\u00e9rase\u2019l m\u00e1s prestixosu de los que se convoquen n\u2019Asturies nel \u00e1mbito la poes\u00eda, contando nel so palmar\u00e9s con autores de prestixu de les lletres asturianes como Berta Pi\u00f1\u00e1n, Xuan Bello, Lourdes \u00c1lvarez o Vanessa Guti\u00e9rrez. Nomes a los qu\u2019agora s\u2019amiesta Alfredo Garay Men\u00e9ndez, quien cuenta con tres llibros de poemes publicaos y tiene participao en distintes antolox\u00edes, am\u00e1s d\u2019haber recib\u00edo distintos premios y acc\u00e9sits en dellos cert\u00e1menes lliterarios.<\/p>\n<p style=\"text-align: center\">\n","protected":false},"excerpt":{"rendered":"<p>Flamante Premiu Teodoro Cuesta 2024 de Poes\u00eda Alfredo Garay Men\u00e9ndez Ed. Trabe \u00a0https:\/\/tienda.trabe.org\/as\/poesia\/2625-rumbu.html<\/p>\n","protected":false},"author":117,"featured_media":0,"comment_status":"closed","ping_status":"closed","sticky":false,"template":"","format":"standard","meta":{"footnotes":""},"categories":[39],"tags":[],"class_list":["post-63567","post","type-post","status-publish","format-standard","hentry","category-poesia"],"_links":{"self":[{"href":"https:\/\/edublog.educastur.es\/ixuxu\/wp-json\/wp\/v2\/posts\/63567","targetHints":{"allow":["GET"]}}],"collection":[{"href":"https:\/\/edublog.educastur.es\/ixuxu\/wp-json\/wp\/v2\/posts"}],"about":[{"href":"https:\/\/edublog.educastur.es\/ixuxu\/wp-json\/wp\/v2\/types\/post"}],"author":[{"embeddable":true,"href":"https:\/\/edublog.educastur.es\/ixuxu\/wp-json\/wp\/v2\/users\/117"}],"replies":[{"embeddable":true,"href":"https:\/\/edublog.educastur.es\/ixuxu\/wp-json\/wp\/v2\/comments?post=63567"}],"version-history":[{"count":5,"href":"https:\/\/edublog.educastur.es\/ixuxu\/wp-json\/wp\/v2\/posts\/63567\/revisions"}],"predecessor-version":[{"id":63583,"href":"https:\/\/edublog.educastur.es\/ixuxu\/wp-json\/wp\/v2\/posts\/63567\/revisions\/63583"}],"wp:attachment":[{"href":"https:\/\/edublog.educastur.es\/ixuxu\/wp-json\/wp\/v2\/media?parent=63567"}],"wp:term":[{"taxonomy":"category","embeddable":true,"href":"https:\/\/edublog.educastur.es\/ixuxu\/wp-json\/wp\/v2\/categories?post=63567"},{"taxonomy":"post_tag","embeddable":true,"href":"https:\/\/edublog.educastur.es\/ixuxu\/wp-json\/wp\/v2\/tags?post=63567"}],"curies":[{"name":"wp","href":"https:\/\/api.w.org\/{rel}","templated":true}]}}