{"id":63570,"date":"2025-09-04T12:00:40","date_gmt":"2025-09-04T10:00:40","guid":{"rendered":"https:\/\/edublog.educastur.es\/ixuxu\/?p=63570"},"modified":"2025-12-14T19:57:31","modified_gmt":"2025-12-14T17:57:31","slug":"xxxiv-premiu-teodoro-cuesta-de-poesia-2025","status":"publish","type":"post","link":"https:\/\/edublog.educastur.es\/ixuxu\/2025\/09\/xxxiv-premiu-teodoro-cuesta-de-poesia-2025\/","title":{"rendered":"XXXIV Premiu Teodoro Cuesta de Poes\u00eda 2025"},"content":{"rendered":"<ul>\n<li>BASES 2025 -Edici\u00f3n XXXIV-<a href=\"https:\/\/miprincipado.asturias.es\/bopa\/2025\/09\/03\/2025-07260.pdf\"><em>Enlace a la convocatoria 2025 (BOPA 03\/09\/2025)<\/em><\/a><\/li>\n<li><em>Plazu presentaci\u00f3n d&#8217;orixinales: <strong>del 4 al 25 de setiembre de 2025<\/strong><\/em><\/li>\n<\/ul>\n<p style=\"text-align: center\"><a href=\"https:\/\/www.mieres.es\/wp-content\/uploads\/2017\/05\/Teodoro-Cuesta-vectorizado.png\"><img loading=\"lazy\" decoding=\"async\" class=\"aligncenter \" src=\"https:\/\/www.mieres.es\/wp-content\/uploads\/2017\/05\/Teodoro-Cuesta-vectorizado.png\" width=\"457\" height=\"522\" \/><\/a><\/p>\n<p>&nbsp;<\/p>\n<p>L\u00b4Ayuntamientu de Mieres, pente medies de la Casa de Cultura \u201cTeodoro Cuesta\u201d convoca\u00b4l <strong>XXXIV Premiu Teodoro Cuesta de Poes\u00eda 2025<\/strong>, coles siguientes bases:<\/p>\n<p><!--more--><\/p>\n<p><strong>1.<\/strong> Van poder participar toles persones que lo deseen con un poemariu in\u00e9ditu, orixinal y escritu en llingua asturiana.<\/p>\n<p><strong>2.<\/strong> Podr\u00e1n presentase al Premiu, los trabayos orixinales, que nun fueran publicaos en papel o internet y que nun fueran premiaos notru concursu po\u00e9ticu.<\/p>\n<p><strong>3.<\/strong> Si en tiempu la convocatoria, y enantes del fallu del xur\u00e1u, dalg\u00fan poemariu participante fuera proclam\u00e1u ganador d\u00b4otru concursu, l\u00b4autor\/a tar\u00e1 oblig\u00e1u\/ada a notificalo a la organizaci\u00f3n del Premiu de Poes\u00eda \u201cTeodoro Cuesta\u201d.<\/p>\n<p><strong>4.<\/strong> Los trabayos present\u00e1ranse impresos por una sola cara en formatu DIN-A4 y tendr\u00e1n una estensi\u00f3n m\u00ednima de 500 versos.<\/p>\n<p><strong>5.<\/strong> Cada participante podr\u00e1 presentar al Premiu un m\u00e1ximu de dos trabayos, entreg\u00e1ndose cada \u00fan nun sobre nel qu\u00b4habr\u00e1:<\/p>\n<p>1) un orixinal y cuatro copies del trabayu firmaos con alcu\u00f1u o lema, grapaos enforma o encuadernaos individualmente.<\/p>\n<p>2) un sobre zarr\u00e1u o plica colos datos personales y una breve biograf\u00eda del autor\/a.<\/p>\n<p><strong>6.<\/strong> La entrega de los poemarios fair\u00e1se al travi\u00e9s d\u00b4una de les siguientes v\u00edes:<\/p>\n<p>I.- Per corr\u00e9u postal a la siguiente direcci\u00f3n:<\/p>\n<p>A\/A Secretar\u00eda Casa de Cultura<br \/>\nCasa de Cultura \u201cTeodoro Cuesta\u201d<br \/>\nCalle Manuel Llaneza 8, 2\u00aa Planta<br \/>\n33600 Mieres<\/p>\n<p>II.- Al travi\u00e9s de la Oficina de Rexistru Xeneral del Ayuntamientu de Mieres (Casa Consistorial, Plaza de la Constituci\u00f3n s\/n, 33600 Mieres) de llunes a vienres n\u00b4horariu de 09:00 a 14:00 h.<\/p>\n<p><strong>7.<\/strong> El plazu d\u00b4admision de los trabayos finar\u00e1 en quince d\u00edes (15) h\u00e1biles dende la publicaci\u00f3n de la convocatoria nel Bolet\u00edn Oficial del Princip\u00e1u d\u00b4Asturies.<\/p>\n<p><strong>8.<\/strong> Toles obres presentaes sedr\u00e1n propied\u00e1 de los sos autores, reserv\u00e1ndose l Ayuntamientu de Mieres el drechu a la publicaci\u00f3n del testu ganador.<\/p>\n<p><strong>9.<\/strong> La composici\u00f3n del Xur\u00e1u dar\u00e1se a conocer n\u00b4emiti\u00e9ndose\u00b4l fallu, tando form\u00e1u por persones nombraes nel \u00e1mbitu de la lliteratura asturiana.<\/p>\n<p><strong>10<\/strong>. Si metanes el periodu de selecci\u00f3n del Xur\u00e1u, dalguna de les obres ganara o fuere publicada nun mediu dixital o impresu, \u00e9sta quedar\u00eda autom\u00e1ticamente eliminada del Premiu.<\/p>\n<p><strong>11.<\/strong> El xur\u00e1u reservase la posibilid\u00e1 de declarar desiertu\u00b4l Premiu si considera que denguna de les obres presentaes tien la calid\u00e1 suficiente pa optar a \u00e9l.<\/p>\n<p><strong>12.<\/strong> El fallu del Xur\u00e1u dar\u00e1se a conocer , nun periodu m\u00e1ximu d\u00b4un mes acabante\u00b4l plazu d\u00b4admisi\u00f3n de les obres, indicando l\u2019autor\/a del testu ganador y el so t\u00edtulu. Tami\u00e9n habr\u00e1 d\u00b4anunciase nos medios de comunicaci\u00f3n, redes sociales y na web www.mieres.es .<\/p>\n<p><strong>13.<\/strong> El Premiu entregar\u00e1se nuna fecha a determinar nun actu p\u00fablicu.<\/p>\n<p>L \u00b4asistencia del premi\u00e1u\/ada ye necesaria pa la recepci\u00f3n del mesmu. Si por causa xustificada nun fuere posible esta asistencia, la persona ganadora podr\u00e1 acordar cola organizaci\u00f3n una intervenci\u00f3n grabada o por videoconferencia, asina como cuntar con otra persona escoy\u00eda pol ganador\/a pa recoyer el Premiu en so nome. L\u00b4autor\/a comprometer\u00e1se a presentar el so llibru, en siendo public\u00e1u, na Casa de Cultura.<\/p>\n<p><strong>14.<\/strong> Los trabayos non premiaos podr\u00e1n recoyese na Secretar\u00eda de la Casa de Cultura \u201cTeodoro Cuesta\u201d durante los quince (15) d\u00edes h\u00e1biles posteriores al fallu del Xur\u00e1u. Pas\u00e1u esti plazu, destruyir\u00e1nse les obres.<\/p>\n<p><strong>15.<\/strong> Establezse un \u00fanicu premiu por un importe de cuatro mil euros (4000\u20ac). Sobre esta cantid\u00e1 habr\u00e1n d\u00b4aplicase les retenciones fiscales davezu.<\/p>\n<p><strong>16.<\/strong> La participaci\u00f3n nel concursu sup\u00f3n tar d\u00b4alcuerdu coles presentes bases y fai responsable a cada participante de la autor\u00eda y orixinalid\u00e1 del trabayu present\u00e1u, asina como que\u00b4l mesmu nun ye copia nin modificaci\u00f3n total o parcial de deng\u00fan otru poemariu propiu o ayenu; pa cualquier otra decisi\u00f3n sol mesmu queda facult\u00e1u\u00b4 l Xur\u00e1u del Premiu y la propia<\/p>\n<p>Conceyal\u00eda de Normalizaci\u00f3n Lling\u00fc\u00edstica del Ayuntamientu de Mieres, y el so fallu sedr\u00e1 inapelable.<\/p>\n","protected":false},"excerpt":{"rendered":"<p>BASES 2025 -Edici\u00f3n XXXIV-Enlace a la convocatoria 2025 (BOPA 03\/09\/2025) Plazu presentaci\u00f3n d&#8217;orixinales: del 4 al 25 de setiembre de 2025 &nbsp; L\u00b4Ayuntamientu de Mieres, pente medies de la Casa de Cultura \u201cTeodoro Cuesta\u201d convoca\u00b4l XXXIV Premiu Teodoro Cuesta de Poes\u00eda 2025, coles siguientes bases:<\/p>\n","protected":false},"author":117,"featured_media":0,"comment_status":"closed","ping_status":"closed","sticky":false,"template":"","format":"standard","meta":{"footnotes":""},"categories":[39,58],"tags":[],"class_list":["post-63570","post","type-post","status-publish","format-standard","hentry","category-poesia","category-premios"],"_links":{"self":[{"href":"https:\/\/edublog.educastur.es\/ixuxu\/wp-json\/wp\/v2\/posts\/63570","targetHints":{"allow":["GET"]}}],"collection":[{"href":"https:\/\/edublog.educastur.es\/ixuxu\/wp-json\/wp\/v2\/posts"}],"about":[{"href":"https:\/\/edublog.educastur.es\/ixuxu\/wp-json\/wp\/v2\/types\/post"}],"author":[{"embeddable":true,"href":"https:\/\/edublog.educastur.es\/ixuxu\/wp-json\/wp\/v2\/users\/117"}],"replies":[{"embeddable":true,"href":"https:\/\/edublog.educastur.es\/ixuxu\/wp-json\/wp\/v2\/comments?post=63570"}],"version-history":[{"count":1,"href":"https:\/\/edublog.educastur.es\/ixuxu\/wp-json\/wp\/v2\/posts\/63570\/revisions"}],"predecessor-version":[{"id":63571,"href":"https:\/\/edublog.educastur.es\/ixuxu\/wp-json\/wp\/v2\/posts\/63570\/revisions\/63571"}],"wp:attachment":[{"href":"https:\/\/edublog.educastur.es\/ixuxu\/wp-json\/wp\/v2\/media?parent=63570"}],"wp:term":[{"taxonomy":"category","embeddable":true,"href":"https:\/\/edublog.educastur.es\/ixuxu\/wp-json\/wp\/v2\/categories?post=63570"},{"taxonomy":"post_tag","embeddable":true,"href":"https:\/\/edublog.educastur.es\/ixuxu\/wp-json\/wp\/v2\/tags?post=63570"}],"curies":[{"name":"wp","href":"https:\/\/api.w.org\/{rel}","templated":true}]}}