{"id":63632,"date":"2025-12-15T08:30:47","date_gmt":"2025-12-15T06:30:47","guid":{"rendered":"https:\/\/edublog.educastur.es\/ixuxu\/?p=63632"},"modified":"2025-12-15T10:10:34","modified_gmt":"2025-12-15T08:10:34","slug":"el-tiempu-el-comercio-211","status":"publish","type":"post","link":"https:\/\/edublog.educastur.es\/ixuxu\/2025\/12\/el-tiempu-el-comercio-211\/","title":{"rendered":"El tiempu (El Comercio)"},"content":{"rendered":"<p style=\"text-align: center\"><a href=\"https:\/\/s1.ppllstatics.com\/elcomercio\/www\/multimedia\/2025\/12\/14\/prevision-tiempo-asturias-kJpC-U2302588077118HVD-1200x870@El%20Comercio.jpg\"><img loading=\"lazy\" decoding=\"async\" class=\"aligncenter size-large\" src=\"https:\/\/s1.ppllstatics.com\/elcomercio\/www\/multimedia\/2025\/12\/14\/prevision-tiempo-asturias-kJpC-U2302588077118HVD-1200x870@El%20Comercio.jpg\" width=\"1200\" height=\"870\" \/><\/a><\/p>\n<p>Vamos amanecer con cielos pocu nublos nel oriente, y con nubes medies y altes nel occidente. Estes nubes dir\u00e1n estendi\u00e9ndose a lo llargo de la ma\u00f1ana por tol Princip\u00e1u. La inestabilid\u00e1 <strong>pela ma\u00f1ana<\/strong> va ser bien pocu probable, pero <strong>mientres la tarde<\/strong> nun se refuguen delles precipitaciones nel cordal y nel sector oeste asturianu principalmente, ensin refugar n&#8217;otres zones de forma muncho m\u00e1s residual y espor\u00e1dica.<strong> Los vientos<\/strong> van soplar de componente sur tol llunes con raches moderaes especialmente nel cordal y nel occidente.<strong> Les temperatures m\u00e1ximes<\/strong> van baxar de forma bien significativa cuanto m\u00e1s movamos escontra&#8217;l suroeste asturianu. Sicas\u00ed, na mari\u00f1a oriental apenes van variar respectu al domingu. Tocantes a<strong> les m\u00ednimes<\/strong>, van xubir na met\u00e1 norte y van caltenese na met\u00e1 sur.<\/p>\n<p><!--more--><\/p>\n<p>A lo llargo de la madrugada del martes los vientos van afitase de noroeste y va favorecer la entrada d&#8217;una masa de precipitaciones que van protagonizar ensin dulda el martes no meteorol\u00f3xico. Va Ser xuna xornada con abondoses ag\u00fces y nevaes a partir de los 1400 metros d&#8217;altor. Les temperatures van siguir baxando.<\/p>\n<p>El mi\u00e9rcoles va ameyorar el tiempu cola apertura d&#8217;escamplaes col intre de les hores, y les ag\u00fces nun van volver hasta la tarde del xueves.<\/p>\n<p>&nbsp;<\/p>\n","protected":false},"excerpt":{"rendered":"<p>Vamos amanecer con cielos pocu nublos nel oriente, y con nubes medies y altes nel occidente. Estes nubes dir\u00e1n estendi\u00e9ndose a lo llargo de la ma\u00f1ana por tol Princip\u00e1u. La inestabilid\u00e1 pela ma\u00f1ana va ser bien pocu probable, pero mientres la tarde nun se refuguen delles precipitaciones nel cordal y nel sector oeste asturianu principalmente, [&hellip;]<\/p>\n","protected":false},"author":117,"featured_media":0,"comment_status":"closed","ping_status":"closed","sticky":false,"template":"","format":"standard","meta":{"footnotes":""},"categories":[5],"tags":[],"class_list":["post-63632","post","type-post","status-publish","format-standard","hentry","category-tiempu"],"_links":{"self":[{"href":"https:\/\/edublog.educastur.es\/ixuxu\/wp-json\/wp\/v2\/posts\/63632","targetHints":{"allow":["GET"]}}],"collection":[{"href":"https:\/\/edublog.educastur.es\/ixuxu\/wp-json\/wp\/v2\/posts"}],"about":[{"href":"https:\/\/edublog.educastur.es\/ixuxu\/wp-json\/wp\/v2\/types\/post"}],"author":[{"embeddable":true,"href":"https:\/\/edublog.educastur.es\/ixuxu\/wp-json\/wp\/v2\/users\/117"}],"replies":[{"embeddable":true,"href":"https:\/\/edublog.educastur.es\/ixuxu\/wp-json\/wp\/v2\/comments?post=63632"}],"version-history":[{"count":3,"href":"https:\/\/edublog.educastur.es\/ixuxu\/wp-json\/wp\/v2\/posts\/63632\/revisions"}],"predecessor-version":[{"id":63635,"href":"https:\/\/edublog.educastur.es\/ixuxu\/wp-json\/wp\/v2\/posts\/63632\/revisions\/63635"}],"wp:attachment":[{"href":"https:\/\/edublog.educastur.es\/ixuxu\/wp-json\/wp\/v2\/media?parent=63632"}],"wp:term":[{"taxonomy":"category","embeddable":true,"href":"https:\/\/edublog.educastur.es\/ixuxu\/wp-json\/wp\/v2\/categories?post=63632"},{"taxonomy":"post_tag","embeddable":true,"href":"https:\/\/edublog.educastur.es\/ixuxu\/wp-json\/wp\/v2\/tags?post=63632"}],"curies":[{"name":"wp","href":"https:\/\/api.w.org\/{rel}","templated":true}]}}