{"id":63652,"date":"2025-12-14T14:00:04","date_gmt":"2025-12-14T12:00:04","guid":{"rendered":"https:\/\/edublog.educastur.es\/ixuxu\/?p=63652"},"modified":"2025-12-15T14:40:43","modified_gmt":"2025-12-15T12:40:43","slug":"la-luz-de-la-navidad-llega-a-uvieu-dende-austria","status":"publish","type":"post","link":"https:\/\/edublog.educastur.es\/ixuxu\/2025\/12\/la-luz-de-la-navidad-llega-a-uvieu-dende-austria\/","title":{"rendered":"La &#8216;Luz de la Navidad&#8217; llega a Uvi\u00e9u dende Austria"},"content":{"rendered":"<p class=\"font-size-xxl margin-b-5 font-weight-b color-b-050 letter-spacing--1 fuente-corporativa\" style=\"text-align: center\">La<a href=\"https:\/\/www.rtpa.es\/noticias-sociedad-ast\/2025-12-14\/La-'Luz-de-la-Navidad'-llega-a-Uvieu-dende-Austria_111765733879.html\"> &#8216;Luz de la Navidad&#8217; llega a Uvi\u00e9u dende Austria.\u00a0<\/a><\/p>\n<p style=\"text-align: center\"><a href=\"https:\/\/www.rtpa.es\/fotos\/\/25\/12\/20251214143120_RTPA7471867.webp\"><img loading=\"lazy\" decoding=\"async\" class=\"aligncenter size-large\" src=\"https:\/\/www.rtpa.es\/fotos\/\/25\/12\/20251214143120_RTPA7471867.webp\" width=\"853\" height=\"480\" \/><\/a><\/p>\n<p class=\"font-size-m padding-b-20 font-weight-b margin-t-16\">M\u00e1s de 500 scouts cat\u00f3licos llevaron veles, candiles y farolinos pela capital.<\/p>\n<p>La lluz viaxa cada a\u00f1u dende la Bas\u00edlica de la Nativid\u00e1 de Bel\u00e9n, en Cisjordania, hasta la ciud\u00e1 austriaca de Linz. Scouts cat\u00f3licos de tol mundu van ell\u00ed pa recoyela y tresportala en veles a les sos correspondientes di\u00f3cesis. <strong>La d\u2019Uvi\u00e9u foi la encargada esti a\u00f1u de traer la Lluz hasta Espa\u00f1a<\/strong> se\u00f1ala Javier D\u00edaz, presidente de l\u2019Asociaci\u00f3n Scouts d\u2019Asturies.<\/p>\n<p><!--more--><\/p>\n<p>Dende la Catedral esti s\u00edmbolu cristianu llegar\u00e1 agora a tolos requexos del pa\u00eds. Esta tradici\u00f3n rem\u00f3ntase al a\u00f1u 1986 y tien como env\u00eds repartir un mensaxe de paz per tol mundu apunten Mar\u00eda Ruis\u00e1nchez, scout d\u2019Almer\u00eda; Elena Valente, scout de Palencia; y Javier S\u00e1nchez, scout de Murcia.<\/p>\n<p>Un actu nel que participaron m\u00e1s de 500 moces y mozos encargaos de llevar una llama d\u2019esperanza en mediu de la Navid\u00e1.<\/p>\n<p style=\"text-align: center\">\n<!-- iframe plugin v.6.0 wordpress.org\/plugins\/iframe\/ -->\n<iframe loading=\"lazy\" src=\"https:\/\/www.facebook.com\/plugins\/video.php?height=476&#038;href=https%3A%2F%2Fwww.facebook.com%2Freel%2F1663961924979153%2F&#038;show_text=false&#038;width=476&#038;t=0\" width=\"476\" height=\"476\" style=\"border:none;overflow:hidden\" scrolling=\"no\" frameborder=\"0\" allowfullscreen=\"true\" allow=\"autoplay; clipboard-write; encrypted-media; picture-in-picture; web-share\" 0=\"\/iframe\" class=\"iframe-class\"><\/iframe>\n<\/p>\n","protected":false},"excerpt":{"rendered":"<p>La &#8216;Luz de la Navidad&#8217; llega a Uvi\u00e9u dende Austria.\u00a0 M\u00e1s de 500 scouts cat\u00f3licos llevaron veles, candiles y farolinos pela capital. La lluz viaxa cada a\u00f1u dende la Bas\u00edlica de la Nativid\u00e1 de Bel\u00e9n, en Cisjordania, hasta la ciud\u00e1 austriaca de Linz. Scouts cat\u00f3licos de tol mundu van ell\u00ed pa recoyela y tresportala en [&hellip;]<\/p>\n","protected":false},"author":117,"featured_media":0,"comment_status":"closed","ping_status":"closed","sticky":false,"template":"","format":"standard","meta":{"footnotes":""},"categories":[81],"tags":[],"class_list":["post-63652","post","type-post","status-publish","format-standard","hentry","category-nadal"],"_links":{"self":[{"href":"https:\/\/edublog.educastur.es\/ixuxu\/wp-json\/wp\/v2\/posts\/63652","targetHints":{"allow":["GET"]}}],"collection":[{"href":"https:\/\/edublog.educastur.es\/ixuxu\/wp-json\/wp\/v2\/posts"}],"about":[{"href":"https:\/\/edublog.educastur.es\/ixuxu\/wp-json\/wp\/v2\/types\/post"}],"author":[{"embeddable":true,"href":"https:\/\/edublog.educastur.es\/ixuxu\/wp-json\/wp\/v2\/users\/117"}],"replies":[{"embeddable":true,"href":"https:\/\/edublog.educastur.es\/ixuxu\/wp-json\/wp\/v2\/comments?post=63652"}],"version-history":[{"count":2,"href":"https:\/\/edublog.educastur.es\/ixuxu\/wp-json\/wp\/v2\/posts\/63652\/revisions"}],"predecessor-version":[{"id":63697,"href":"https:\/\/edublog.educastur.es\/ixuxu\/wp-json\/wp\/v2\/posts\/63652\/revisions\/63697"}],"wp:attachment":[{"href":"https:\/\/edublog.educastur.es\/ixuxu\/wp-json\/wp\/v2\/media?parent=63652"}],"wp:term":[{"taxonomy":"category","embeddable":true,"href":"https:\/\/edublog.educastur.es\/ixuxu\/wp-json\/wp\/v2\/categories?post=63652"},{"taxonomy":"post_tag","embeddable":true,"href":"https:\/\/edublog.educastur.es\/ixuxu\/wp-json\/wp\/v2\/tags?post=63652"}],"curies":[{"name":"wp","href":"https:\/\/api.w.org\/{rel}","templated":true}]}}