{"id":63723,"date":"2025-12-15T13:18:39","date_gmt":"2025-12-15T11:18:39","guid":{"rendered":"https:\/\/edublog.educastur.es\/ixuxu\/?p=63723"},"modified":"2025-12-15T21:24:51","modified_gmt":"2025-12-15T19:24:51","slug":"el-musgo-o-mofu","status":"publish","type":"post","link":"https:\/\/edublog.educastur.es\/ixuxu\/2025\/12\/el-musgo-o-mofu\/","title":{"rendered":"El musgo o mofu"},"content":{"rendered":"<div class=\"x1rg5ohu x2fvf9\">\n<div>\n<div class=\"html-div xdj266r x14z9mp xat24cr x1lziwak xexx8yu xyri2b x18d9i69 x1c1uobl x9f619 xjbqb8w x1rg5ohu x15mokao x1ga7v0g x16uus16 xbiv7yw x1uhb9sk x1plvlek xryxfnj x1c4vz4f x2lah0s x1oa3qoh\"><\/div>\n<\/div>\n<\/div>\n<div>\n<p style=\"text-align: center\"><span class=\"x193iq5w xeuugli x13faqbe x1vvkbs xt0psk2 x1i0vuye xvs91rp xo1l8bm x5n08af x10wh9bi xpm28yp x8viiok x1o7cslx x126k92a\"><span class=\"html-span xexx8yu x4uap5 x18d9i69 xkhd6sd x1hl2dhg x16tdsg8 x1vvkbs x3nfvp2 x1j61x8r x1fcty0u xdj266r xat24cr xgzva0m xhhsvwb xxymvpz xlup9mm x1kky2od\">\n<!-- iframe plugin v.6.0 wordpress.org\/plugins\/iframe\/ -->\n<iframe loading=\"lazy\" src=\"https:\/\/www.instagram.com\/reel\/DSRtaNZjNdU\/embed\" width=\"500\" height=\"640\" 0=\"\/iframe\" scrolling=\"yes\" class=\"iframe-class\" frameborder=\"0\"><\/iframe>\n<\/span><\/span><\/p>\n<p>\ud83d\udcf2Mientres l&#8217;iviernu, los nuesos espacios naturales protex\u00edos c\u00fabrense de verde intensu gracies al mofu.\ud83c\udf3f Y anque de cutiu pasa desapercib\u00edu, cumple un papel fundamental nos ecosistemes de los espacios naturales protex\u00edos d&#8217;Asturies.\ud83c\udf26<\/p>\n<p><!--more--><\/p>\n<p>Los mofos:\ud83c\udf31 Protexen el suelu \ud83d\udca6Retienen agua \ud83d\udd77\ufe0fAlluguen una gran biodiversid\u00e1 \ud83d\udca8Almacenen CO\u2082\ud83c\udfde\ufe0f Regulen la microclima del monte. El so llugar ta na redolada natural, onde cumple la so funci\u00f3n, nun afatando un bel\u00e9n.<\/p>\n<p>El mofu retien el mugor, ayuda a prevenir la erosi\u00f3n del suelu, regula la temperatura y sirve d&#8217;abelugu para numberosos invertebraos. Am\u00e1s, act\u00faa como indicador de bona calid\u00e1 ambiental, y\u00e1 que solo espolleta en redolaes bien calten\u00edos.<\/p>\n<p style=\"text-align: center\"><span class=\"x193iq5w xeuugli x13faqbe x1vvkbs xt0psk2 x1i0vuye xvs91rp xo1l8bm x5n08af x10wh9bi xpm28yp x8viiok x1o7cslx x126k92a\"><span class=\"html-span xexx8yu x4uap5 x18d9i69 xkhd6sd x1hl2dhg x16tdsg8 x1vvkbs x3nfvp2 x1j61x8r x1fcty0u xdj266r xat24cr xgzva0m xhhsvwb xxymvpz xlup9mm x1kky2od\">\n<!-- iframe plugin v.6.0 wordpress.org\/plugins\/iframe\/ -->\n<iframe loading=\"lazy\" src=\"https:\/\/www.instagram.com\/reel\/DSR7COqjEgv\/embed\" width=\"500\" height=\"640\" 0=\"\/iframe\" scrolling=\"yes\" class=\"iframe-class\" frameborder=\"0\"><\/iframe>\n<\/span><\/span><\/p>\n<p>Importante recordar \u26a0\ufe0f Munches especies de mofu t\u00e1n protex\u00edes nel nuesu territoriu y n&#8217;Espa\u00f1a, y la so recueya o deterioru ta prohibida dientro de los espacios naturales protex\u00edos. Arrincalo, apatayalo o llevalo como decoraci\u00f3n estropia gravemente l&#8217;equilibriu natural.\u00a0\u2705\ufe0fEsti iviernu, cuando percuerras los nuesos senderos, repara, esfr\u00fatalo y prot\u00e9xilo. <strong>Curiar del mofu ye curiar de la sal\u00fa de los nuesos ecosistemes.<\/strong><\/p>\n<p>&nbsp;<\/p>\n<p><a class=\"x1i10hfl xjbqb8w x1ejq31n x18oe1m7 x1sy0etr xstzfhl x972fbf x10w94by x1qhh985 x14e42zd x9f619 x1ypdohk xt0psk2 x3ct3a4 xdj266r x14z9mp xat24cr x1lziwak xexx8yu xyri2b x18d9i69 x1c1uobl x16tdsg8 x1hl2dhg xggy1nq x1a2a7pz _aa9_ _a6hd\" role=\"link\" href=\"https:\/\/www.instagram.com\/explore\/tags\/rednaturaldeasturias\/\">#RedNaturalDeAsturias<\/a> <a class=\"x1i10hfl xjbqb8w x1ejq31n x18oe1m7 x1sy0etr xstzfhl x972fbf x10w94by x1qhh985 x14e42zd x9f619 x1ypdohk xt0psk2 x3ct3a4 xdj266r x14z9mp xat24cr x1lziwak xexx8yu xyri2b x18d9i69 x1c1uobl x16tdsg8 x1hl2dhg xggy1nq x1a2a7pz _aa9_ _a6hd\" role=\"link\" href=\"https:\/\/www.instagram.com\/explore\/tags\/rena\/\">#RENA<\/a> <a class=\"x1i10hfl xjbqb8w x1ejq31n x18oe1m7 x1sy0etr xstzfhl x972fbf x10w94by x1qhh985 x14e42zd x9f619 x1ypdohk xt0psk2 x3ct3a4 xdj266r x14z9mp xat24cr x1lziwak xexx8yu xyri2b x18d9i69 x1c1uobl x16tdsg8 x1hl2dhg xggy1nq x1a2a7pz _aa9_ _a6hd\" role=\"link\" href=\"https:\/\/www.instagram.com\/explore\/tags\/espaciosnaturalesprotegidos\/\">#EspaciosNaturalesProtegidos<\/a><\/p>\n<\/div>\n<p>&nbsp;<\/p>\n","protected":false},"excerpt":{"rendered":"<p>\ud83d\udcf2Mientres l&#8217;iviernu, los nuesos espacios naturales protex\u00edos c\u00fabrense de verde intensu gracies al mofu.\ud83c\udf3f Y anque de cutiu pasa desapercib\u00edu, cumple un papel fundamental nos ecosistemes de los espacios naturales protex\u00edos d&#8217;Asturies.\ud83c\udf26<\/p>\n","protected":false},"author":117,"featured_media":0,"comment_status":"closed","ping_status":"closed","sticky":false,"template":"","format":"standard","meta":{"footnotes":""},"categories":[314],"tags":[],"class_list":["post-63723","post","type-post","status-publish","format-standard","hentry","category-rede-natura-dasturies"],"_links":{"self":[{"href":"https:\/\/edublog.educastur.es\/ixuxu\/wp-json\/wp\/v2\/posts\/63723","targetHints":{"allow":["GET"]}}],"collection":[{"href":"https:\/\/edublog.educastur.es\/ixuxu\/wp-json\/wp\/v2\/posts"}],"about":[{"href":"https:\/\/edublog.educastur.es\/ixuxu\/wp-json\/wp\/v2\/types\/post"}],"author":[{"embeddable":true,"href":"https:\/\/edublog.educastur.es\/ixuxu\/wp-json\/wp\/v2\/users\/117"}],"replies":[{"embeddable":true,"href":"https:\/\/edublog.educastur.es\/ixuxu\/wp-json\/wp\/v2\/comments?post=63723"}],"version-history":[{"count":4,"href":"https:\/\/edublog.educastur.es\/ixuxu\/wp-json\/wp\/v2\/posts\/63723\/revisions"}],"predecessor-version":[{"id":63729,"href":"https:\/\/edublog.educastur.es\/ixuxu\/wp-json\/wp\/v2\/posts\/63723\/revisions\/63729"}],"wp:attachment":[{"href":"https:\/\/edublog.educastur.es\/ixuxu\/wp-json\/wp\/v2\/media?parent=63723"}],"wp:term":[{"taxonomy":"category","embeddable":true,"href":"https:\/\/edublog.educastur.es\/ixuxu\/wp-json\/wp\/v2\/categories?post=63723"},{"taxonomy":"post_tag","embeddable":true,"href":"https:\/\/edublog.educastur.es\/ixuxu\/wp-json\/wp\/v2\/tags?post=63723"}],"curies":[{"name":"wp","href":"https:\/\/api.w.org\/{rel}","templated":true}]}}