{"id":63732,"date":"2025-12-16T08:30:41","date_gmt":"2025-12-16T06:30:41","guid":{"rendered":"https:\/\/edublog.educastur.es\/ixuxu\/?p=63732"},"modified":"2025-12-16T09:56:22","modified_gmt":"2025-12-16T07:56:22","slug":"el-tiempu-el-comercio-212","status":"publish","type":"post","link":"https:\/\/edublog.educastur.es\/ixuxu\/2025\/12\/el-tiempu-el-comercio-212\/","title":{"rendered":"El tiempu (El Comercio)"},"content":{"rendered":"<p style=\"text-align: center\"><a href=\"https:\/\/s2.ppllstatics.com\/elcomercio\/www\/multimedia\/2025\/12\/15\/prevision-tiempo-asturias-kpLI-U2302588077118HVD-1200x870@El%20Comercio.jpg\"><img loading=\"lazy\" decoding=\"async\" class=\"aligncenter size-large\" src=\"https:\/\/s2.ppllstatics.com\/elcomercio\/www\/multimedia\/2025\/12\/15\/prevision-tiempo-asturias-kpLI-U2302588077118HVD-1200x870@El%20Comercio.jpg\" width=\"1200\" height=\"870\" \/><\/a><\/p>\n<p><strong> Va ser un d\u00eda<\/strong> bien inestable en tol Princip\u00e1u. <strong>Les precipitaciones<\/strong> van protagonizar el d\u00eda y, por causa de ello, l&#8217;Axencia Estatal de Meteorolox\u00eda va tener baxu avisu mariellu a tola rex\u00f3n por posibilid\u00e1 de rexistrar hasta 40 llitros per metro cuadr\u00e1u en 12 hores. Nel suroccidente y nel mariniegu oeste l&#8217;avisu va enllargase hasta les 15:00 hores de la tarde. Nel sector central va concluyir a les 18:00 hores. Y en la mari\u00f1a oriental y nel cordal l&#8217;avisu va allargase hasta medianueche. Am\u00e1s, nel casu del suroccidente y de la mari\u00f1a occidental l&#8217;AEMET destaca que tami\u00e9n podr\u00eden llegar a rexistrase hasta 15 llitros per metro cuadr\u00e1u en tan solo una hora. Tocantes a <strong>los vientos<\/strong>, van soplar de noroeste-norte con raches moderaes especialmente na mari\u00f1a. <strong>Les temperatures<\/strong> van baxar nel casu de les m\u00e1ximes salvo escontra&#8217;l suroccidente onde nun van variar respectu al llunes. <strong>Les m\u00ednimes<\/strong> van tender a l&#8217;alza. <strong>La cota de nieve<\/strong> va bazcuyar ente los 1300 y los 1500 metros d&#8217;altor a lo llargo de too el martes.<\/p>\n<p><!--more--><\/p>\n<p>El mi\u00e9rcoles el d\u00eda va presentase muncho m\u00e1s estable. Los cielos van tar asoleyaos con, a lo sumo, dellos intervalos de nubes altes. Les temperatures m\u00e1ximes van xubir y les m\u00ednimes van baxar. El xueves vamos empezar con bon tiempu y unes temperatures bien prestoses con vientos de componente sur. Asina tou, nun se refuga qu&#8217;acabe lloviendo antes de concluyir el d\u00eda.<\/p>\n","protected":false},"excerpt":{"rendered":"<p>Va ser un d\u00eda bien inestable en tol Princip\u00e1u. Les precipitaciones van protagonizar el d\u00eda y, por causa de ello, l&#8217;Axencia Estatal de Meteorolox\u00eda va tener baxu avisu mariellu a tola rex\u00f3n por posibilid\u00e1 de rexistrar hasta 40 llitros per metro cuadr\u00e1u en 12 hores. Nel suroccidente y nel mariniegu oeste l&#8217;avisu va enllargase hasta [&hellip;]<\/p>\n","protected":false},"author":117,"featured_media":0,"comment_status":"closed","ping_status":"closed","sticky":false,"template":"","format":"standard","meta":{"footnotes":""},"categories":[5],"tags":[],"class_list":["post-63732","post","type-post","status-publish","format-standard","hentry","category-tiempu"],"_links":{"self":[{"href":"https:\/\/edublog.educastur.es\/ixuxu\/wp-json\/wp\/v2\/posts\/63732","targetHints":{"allow":["GET"]}}],"collection":[{"href":"https:\/\/edublog.educastur.es\/ixuxu\/wp-json\/wp\/v2\/posts"}],"about":[{"href":"https:\/\/edublog.educastur.es\/ixuxu\/wp-json\/wp\/v2\/types\/post"}],"author":[{"embeddable":true,"href":"https:\/\/edublog.educastur.es\/ixuxu\/wp-json\/wp\/v2\/users\/117"}],"replies":[{"embeddable":true,"href":"https:\/\/edublog.educastur.es\/ixuxu\/wp-json\/wp\/v2\/comments?post=63732"}],"version-history":[{"count":1,"href":"https:\/\/edublog.educastur.es\/ixuxu\/wp-json\/wp\/v2\/posts\/63732\/revisions"}],"predecessor-version":[{"id":63733,"href":"https:\/\/edublog.educastur.es\/ixuxu\/wp-json\/wp\/v2\/posts\/63732\/revisions\/63733"}],"wp:attachment":[{"href":"https:\/\/edublog.educastur.es\/ixuxu\/wp-json\/wp\/v2\/media?parent=63732"}],"wp:term":[{"taxonomy":"category","embeddable":true,"href":"https:\/\/edublog.educastur.es\/ixuxu\/wp-json\/wp\/v2\/categories?post=63732"},{"taxonomy":"post_tag","embeddable":true,"href":"https:\/\/edublog.educastur.es\/ixuxu\/wp-json\/wp\/v2\/tags?post=63732"}],"curies":[{"name":"wp","href":"https:\/\/api.w.org\/{rel}","templated":true}]}}