{"id":63754,"date":"2025-12-16T18:30:08","date_gmt":"2025-12-16T16:30:08","guid":{"rendered":"https:\/\/edublog.educastur.es\/ixuxu\/?p=63754"},"modified":"2025-12-16T18:31:33","modified_gmt":"2025-12-16T16:31:33","slug":"63754","status":"publish","type":"post","link":"https:\/\/edublog.educastur.es\/ixuxu\/2025\/12\/63754\/","title":{"rendered":"Asturies as\u00edtiase como referente de movilid\u00e1 sostenible"},"content":{"rendered":"<p style=\"text-align: center\"><a href=\"https:\/\/www.ctaconecta.com\/export\/sites\/cta\/images\/banners\/TreintaEurosX.png_506717110.png\"><img loading=\"lazy\" decoding=\"async\" class=\"aligncenter size-large\" src=\"https:\/\/www.ctaconecta.com\/export\/sites\/cta\/images\/banners\/TreintaEurosX.png_506717110.png\" width=\"1175\" height=\"385\" \/><\/a><\/p>\n<p>Asturies as\u00edtiase como referente de movilid\u00e1 sostenible y del sistema de billete \u00fanicu para toa Espa\u00f1a gracies al \u00e9situ de <strong><a href=\"https:\/\/www.ctaconecta.com\/es\/plataforma-conecta\/\">CONECTA<\/a><\/strong>. L&#8217;abonu nacional anunci\u00e1u g\u00fcei para toa Espa\u00f1a retruca&#8217;l modelu aplic\u00e1u nel Princip\u00e1u.\u00a0 <a href=\"https:\/\/actualidad.asturias.es\/-\/asturias-se-sit%C3%BAa-como-referente-de-movilidad-sostenible-y-del-sistema-de-billete-%C3%BAnico-para-toda-espa%C3%B1a-gracias-al-%C3%A9xito-de-conecta?redirect=%2Fnoticias\">Actualid\u00e1<\/a><\/p>\n<p style=\"text-align: center\"><a href=\"https:\/\/www.ctaconecta.com\/static\/img\/logos\/logo_conecta.svg\"><img loading=\"lazy\" decoding=\"async\" class=\"aligncenter size-large\" src=\"https:\/\/www.ctaconecta.com\/static\/img\/logos\/logo_conecta.svg\" width=\"300\" height=\"38\" \/><\/a><\/p>\n<p><!--more--><\/p>\n<p>El gobiernu auton\u00f3micu va siguir trabayando col ministeriu por llograr una malla de tresporte integrada y eficiente como ferramienta d&#8217;equid\u00e1 y cohesi\u00f3n territorial. M\u00e1s de 402.000 persones son usuaries del billete \u00fanicu de CTA, qu&#8217;impuls\u00f3 una medr\u00eda del 53% de viaxeros en tresporte p\u00fablicu.<\/p>\n<p>Dende setiembre de 2022 CONECTA a\u00fana tola ufierta de tresporte p\u00fablicu de les tr\u00e9s alministraciones en territoriu asturianu: competencia municipal (TUA, EMTUSA y EMUTSA), competencia auton\u00f3mica (servicios interurbanos de CTA) y tresporte ferroviariu de competencia estatal (cercan\u00edes ferroviaries de Renfe y Feve).<\/p>\n<p style=\"text-align: center\"><strong>N&#8217;Asturies y\u00e1 tenemos la tarxeta CTA de tresporte.<\/strong><\/p>\n<p style=\"text-align: center\"><a href=\"https:\/\/estaticos-cdn.prensaiberica.es\/clip\/3a743f43-5d22-4616-8ee7-5612ef1d2506_16-9-discover-aspect-ratio_default_0.webp\"><img loading=\"lazy\" decoding=\"async\" class=\"aligncenter size-large\" src=\"https:\/\/estaticos-cdn.prensaiberica.es\/clip\/3a743f43-5d22-4616-8ee7-5612ef1d2506_16-9-discover-aspect-ratio_default_0.webp\" width=\"1200\" height=\"675\" \/><\/a><\/p>\n<p>El presidente del Gobiernu, Pedro S\u00e1nchez, anunci\u00f3 esti llunes la puesta en marcha, el pr\u00f3ximu mes de xineru, d&#8217;un abonu tresporte \u00fanicu con un preciu de 60 euros al mes para viaxar por tol pa\u00eds en cercan\u00edes, media distancia y autobuses de la rede estatal. L&#8217;abonu va dexar, por 60 euros mensuales \u2014y 30 euros para los mozos d&#8217;hasta 26 a\u00f1os\u2014, viaxar ensin llende por toa Espa\u00f1a nos servicios citaos.<\/p>\n<p style=\"text-align: center\"><a href=\"https:\/\/www.nortes.me\/wp-content\/uploads\/2024\/02\/barbon_puente-1024x729.jpg\"><img loading=\"lazy\" decoding=\"async\" class=\"aligncenter size-large\" src=\"https:\/\/www.nortes.me\/wp-content\/uploads\/2024\/02\/barbon_puente-1024x729.jpg\" width=\"1024\" height=\"729\" \/><\/a><\/p>\n<p>L&#8217;abonu va adquirise al travi\u00e9s de les canales habilitaes polos operadores (webs, aplicaciones, taquilles, m\u00e1quines d&#8217;autoventa\u2026), que van expedir un localizador, que va trocase darr\u00e9u nel momentu de la compra de cada t\u00edtulu de viaxe.<\/p>\n<p style=\"text-align: center\"><a href=\"https:\/\/www.nortes.me\/wp-content\/uploads\/2025\/12\/image-96.png\"><img loading=\"lazy\" decoding=\"async\" class=\"aligncenter size-large\" src=\"https:\/\/www.nortes.me\/wp-content\/uploads\/2025\/12\/image-96.png\" width=\"1068\" height=\"712\" \/><\/a><\/p>\n<p>El nuevu abonu va funcionar de forma similar a la tarxeta CONECTA, l&#8217;abonu asturiano que cunta y\u00e1 con 391.000 titulares. La esperiencia positiva d&#8217;esti modelu sirvi\u00f3 de referencia para&#8217;l dise\u00f1u del nuevu sistema estatal, que <strong>va integrar distintos medios de tresporte p\u00fablicu so un \u00fanicu abonu y va simplificar los desplazamientos ente comunidaes aut\u00f3nomes.<\/strong><\/p>\n<p>La creaci\u00f3n d&#8217;esta tarxeta yera xuna demanda de delles entidaes sociales y ecoloxistes, como Greenpeace, qu&#8217;en 2023 punxo en marcha una campa\u00f1a por un abonu pa tol pa\u00eds con viaxes a un euru.<\/p>\n<p>Con esta iniciativa, l&#8217;Executivu <strong>pretende fomentar l&#8217;usu del tresporte p\u00fablicu, amenorgar la dependencia del veh\u00edculu priv\u00e1u y contribuyir a la llucha contra&#8217;l camb\u00e9u clim\u00e1ticu.<\/strong> El Gobiernu considera qu&#8217;esta midida va suponer un importante aliviu econ\u00f3micu pa miles de families y nueves, am\u00e1s de fortalecer la cohesi\u00f3n territorial y l&#8217;iguald\u00e1 d&#8217;oportunidaes nel accesu al tresporte.<\/p>\n<p>&nbsp;<\/p>\n","protected":false},"excerpt":{"rendered":"<p>Asturies as\u00edtiase como referente de movilid\u00e1 sostenible y del sistema de billete \u00fanicu para toa Espa\u00f1a gracies al \u00e9situ de CONECTA. L&#8217;abonu nacional anunci\u00e1u g\u00fcei para toa Espa\u00f1a retruca&#8217;l modelu aplic\u00e1u nel Princip\u00e1u.\u00a0 Actualid\u00e1<\/p>\n","protected":false},"author":117,"featured_media":0,"comment_status":"closed","ping_status":"closed","sticky":false,"template":"","format":"standard","meta":{"footnotes":""},"categories":[232],"tags":[],"class_list":["post-63754","post","type-post","status-publish","format-standard","hentry","category-tresportes"],"_links":{"self":[{"href":"https:\/\/edublog.educastur.es\/ixuxu\/wp-json\/wp\/v2\/posts\/63754","targetHints":{"allow":["GET"]}}],"collection":[{"href":"https:\/\/edublog.educastur.es\/ixuxu\/wp-json\/wp\/v2\/posts"}],"about":[{"href":"https:\/\/edublog.educastur.es\/ixuxu\/wp-json\/wp\/v2\/types\/post"}],"author":[{"embeddable":true,"href":"https:\/\/edublog.educastur.es\/ixuxu\/wp-json\/wp\/v2\/users\/117"}],"replies":[{"embeddable":true,"href":"https:\/\/edublog.educastur.es\/ixuxu\/wp-json\/wp\/v2\/comments?post=63754"}],"version-history":[{"count":5,"href":"https:\/\/edublog.educastur.es\/ixuxu\/wp-json\/wp\/v2\/posts\/63754\/revisions"}],"predecessor-version":[{"id":63790,"href":"https:\/\/edublog.educastur.es\/ixuxu\/wp-json\/wp\/v2\/posts\/63754\/revisions\/63790"}],"wp:attachment":[{"href":"https:\/\/edublog.educastur.es\/ixuxu\/wp-json\/wp\/v2\/media?parent=63754"}],"wp:term":[{"taxonomy":"category","embeddable":true,"href":"https:\/\/edublog.educastur.es\/ixuxu\/wp-json\/wp\/v2\/categories?post=63754"},{"taxonomy":"post_tag","embeddable":true,"href":"https:\/\/edublog.educastur.es\/ixuxu\/wp-json\/wp\/v2\/tags?post=63754"}],"curies":[{"name":"wp","href":"https:\/\/api.w.org\/{rel}","templated":true}]}}