{"id":63772,"date":"2025-12-16T12:31:58","date_gmt":"2025-12-16T10:31:58","guid":{"rendered":"https:\/\/edublog.educastur.es\/ixuxu\/?p=63772"},"modified":"2025-12-16T12:33:22","modified_gmt":"2025-12-16T10:33:22","slug":"uvieu-ciuda-europea-del-deporte-2026","status":"publish","type":"post","link":"https:\/\/edublog.educastur.es\/ixuxu\/2025\/12\/uvieu-ciuda-europea-del-deporte-2026\/","title":{"rendered":"Uvi\u00e9u, Ciud\u00e1 Europea del Deporte 2026"},"content":{"rendered":"<div dir=\"auto\" style=\"text-align: center\"><a href=\"https:\/\/www.oviedo.es\/documents\/25041\/2826616\/Alcalde+Ciudad+Europea+Deporte.jpg\/f20b1527-d235-4d19-a73b-a736a1fe8d1c?t=1765822098784&amp;imageThumbnail=3\"><img loading=\"lazy\" decoding=\"async\" class=\"aligncenter size-large\" src=\"https:\/\/www.oviedo.es\/documents\/25041\/2826616\/Alcalde+Ciudad+Europea+Deporte.jpg\/f20b1527-d235-4d19-a73b-a736a1fe8d1c?t=1765822098784&amp;imageThumbnail=3\" width=\"1000\" height=\"728\" \/><\/a><\/div>\n<div dir=\"auto\"><\/div>\n<div dir=\"auto\">La conceyala de Deportes, Concepci\u00f3n M\u00e9ndez Su\u00e1rez. , fixo entrega oficial al alcalde d&#8217;Uvi\u00e9u de la distinci\u00f3n qu&#8217;acredita a la capital asturiana como \ud835\udc02\ud835\udc22\ud835\udc2e\ud835\udc1d\ud835\udc1a\ud835\udc1d \ud835\udc04\ud835\udc2e\ud835\udc2b\ud835\udc28\ud835\udc29\ud835\udc1e\ud835\udc1a \ud835\udc1d\ud835\udc1e\ud835\udc25 \ud835\udc03\ud835\udc1e\ud835\udc29\ud835\udc28\ud835\udc2b\ud835\udc2d\ud835\udc1e \ud835\udfd0\ud835\udfce\ud835\udfd0\ud835\udfd4, una reconocencia internacional recoy\u00edu&#8217;l pas\u00e1u once d&#8217;avientu nel Parlamentu Europ\u00e9u, en Bruxeles, mientres la gala oficial d&#8217;entrega de distinciones de @ACES Europe.<span class=\"html-span xdj266r x14z9mp xat24cr x1lziwak xexx8yu xyri2b x18d9i69 x1c1uobl x1hl2dhg x16tdsg8 x1vvkbs\"><a class=\"x1i10hfl xjbqb8w x1ejq31n x18oe1m7 x1sy0etr xstzfhl x972fbf x10w94by x1qhh985 x14e42zd x9f619 x1ypdohk xt0psk2 x3ct3a4 xdj266r x14z9mp xat24cr x1lziwak xexx8yu xyri2b x18d9i69 x1c1uobl x16tdsg8 x1hl2dhg xggy1nq x1a2a7pz xkrqix3 x1sur9pj x1fey0fg x1s688f\" role=\"link\" href=\"https:\/\/tinyurl.com\/3j86dptz?fbclid=IwZXh0bgNhZW0CMTAAYnJpZBEwZmRaNVBNS0t3VUJpZTJKYnNydGMGYXBwX2lkEDIyMjAzOTE3ODgyMDA4OTIAAR7YFv5LWzyG4R_JEJEFkXf0lvMKM3ImAKjJNe__QokcD0oJS8cbYVLu1HuLlQ_aem_nzWqb4dRe3u2EhSfwAkpBw\" target=\"_blank\" rel=\"nofollow noopener noreferrer\">https:\/\/tinyurl.com\/3j86dptz<\/a><\/span>\/<span class=\"html-span xdj266r x14z9mp xat24cr x1lziwak xexx8yu xyri2b x18d9i69 x1c1uobl x1hl2dhg x16tdsg8 x1vvkbs\"><a class=\"x1i10hfl xjbqb8w x1ejq31n x18oe1m7 x1sy0etr xstzfhl x972fbf x10w94by x1qhh985 x14e42zd x9f619 x1ypdohk xt0psk2 x3ct3a4 xdj266r x14z9mp xat24cr x1lziwak xexx8yu xyri2b x18d9i69 x1c1uobl x16tdsg8 x1hl2dhg xggy1nq x1a2a7pz xkrqix3 x1sur9pj x1fey0fg x1s688f\" role=\"link\" href=\"https:\/\/www.facebook.com\/oviedodeporte?__cft__[0]=AZb7AlLmnlyp9kiKLePwn0h3cCzHrhk_lb6fkHl92ge77tgcJem9AL2jyAAES0x8vSAnQpbtoCcRT4nb1ADj1tHe7NWmaIgKKrDo8ahUcJlyG0vwqg35-U5VYUVCSefS2DiUZyvEPVBGOTJwdZEhmClsSV1feENI60SNCScj1urVxDjchUsOBqcRkIQZxlbUtLk7cUoQLlt8049wP9e2af6b&amp;__tn__=-]K-y-R\"><span class=\"xt0psk2\"><span class=\"xjp7ctv\">DeportesOviedo<\/span><\/span><\/a><\/span><\/div>\n<div dir=\"auto\"><\/div>\n<p><!--more--><\/p>\n<div dir=\"auto\">La candidatura d&#8217;Uvi\u00e9u destac\u00f3 pol so enfoque integral, apostando pol fomentu de l&#8217;activid\u00e1 f\u00edsica, el deporte base y amateur, l&#8217;aplicaci\u00f3n de la Llei LOPIVI, la creaci\u00f3n del Centru Nacional d&#8217;Educaci\u00f3n nel Deporte y un ambiciosu plan d&#8217;iguald\u00e1 ente muyeres y homes.<\/div>\n<div dir=\"auto\"><\/div>\n<div dir=\"auto\">Cola entrega oficial de la distinci\u00f3n al alcalde, Uvi\u00e9u reafita la so condici\u00f3n de referente internacional en pol\u00edtiques deportives, avanzando escontra un modelu de ciud\u00e1 saludable, inclusiva y comprometida col bienestar de tola so ciudadan\u00eda.<\/div>\n","protected":false},"excerpt":{"rendered":"<p>La conceyala de Deportes, Concepci\u00f3n M\u00e9ndez Su\u00e1rez. , fixo entrega oficial al alcalde d&#8217;Uvi\u00e9u de la distinci\u00f3n qu&#8217;acredita a la capital asturiana como \ud835\udc02\ud835\udc22\ud835\udc2e\ud835\udc1d\ud835\udc1a\ud835\udc1d \ud835\udc04\ud835\udc2e\ud835\udc2b\ud835\udc28\ud835\udc29\ud835\udc1e\ud835\udc1a \ud835\udc1d\ud835\udc1e\ud835\udc25 \ud835\udc03\ud835\udc1e\ud835\udc29\ud835\udc28\ud835\udc2b\ud835\udc2d\ud835\udc1e \ud835\udfd0\ud835\udfce\ud835\udfd0\ud835\udfd4, una reconocencia internacional recoy\u00edu&#8217;l pas\u00e1u once d&#8217;avientu nel Parlamentu Europ\u00e9u, en Bruxeles, mientres la gala oficial d&#8217;entrega de distinciones de @ACES Europe.https:\/\/tinyurl.com\/3j86dptz\/DeportesOviedo<\/p>\n","protected":false},"author":117,"featured_media":0,"comment_status":"closed","ping_status":"closed","sticky":false,"template":"","format":"standard","meta":{"footnotes":""},"categories":[133,33],"tags":[],"class_list":["post-63772","post","type-post","status-publish","format-standard","hentry","category-deportes","category-uvieu"],"_links":{"self":[{"href":"https:\/\/edublog.educastur.es\/ixuxu\/wp-json\/wp\/v2\/posts\/63772","targetHints":{"allow":["GET"]}}],"collection":[{"href":"https:\/\/edublog.educastur.es\/ixuxu\/wp-json\/wp\/v2\/posts"}],"about":[{"href":"https:\/\/edublog.educastur.es\/ixuxu\/wp-json\/wp\/v2\/types\/post"}],"author":[{"embeddable":true,"href":"https:\/\/edublog.educastur.es\/ixuxu\/wp-json\/wp\/v2\/users\/117"}],"replies":[{"embeddable":true,"href":"https:\/\/edublog.educastur.es\/ixuxu\/wp-json\/wp\/v2\/comments?post=63772"}],"version-history":[{"count":3,"href":"https:\/\/edublog.educastur.es\/ixuxu\/wp-json\/wp\/v2\/posts\/63772\/revisions"}],"predecessor-version":[{"id":63775,"href":"https:\/\/edublog.educastur.es\/ixuxu\/wp-json\/wp\/v2\/posts\/63772\/revisions\/63775"}],"wp:attachment":[{"href":"https:\/\/edublog.educastur.es\/ixuxu\/wp-json\/wp\/v2\/media?parent=63772"}],"wp:term":[{"taxonomy":"category","embeddable":true,"href":"https:\/\/edublog.educastur.es\/ixuxu\/wp-json\/wp\/v2\/categories?post=63772"},{"taxonomy":"post_tag","embeddable":true,"href":"https:\/\/edublog.educastur.es\/ixuxu\/wp-json\/wp\/v2\/tags?post=63772"}],"curies":[{"name":"wp","href":"https:\/\/api.w.org\/{rel}","templated":true}]}}