{"id":63794,"date":"2025-12-16T10:00:52","date_gmt":"2025-12-16T08:00:52","guid":{"rendered":"https:\/\/edublog.educastur.es\/ixuxu\/?p=63794"},"modified":"2025-12-17T12:39:13","modified_gmt":"2025-12-17T10:39:13","slug":"63794","status":"publish","type":"post","link":"https:\/\/edublog.educastur.es\/ixuxu\/2025\/12\/63794\/","title":{"rendered":"\u00abLa Xana\u00bb de Rapacina"},"content":{"rendered":"<p>\ud83e\uddda Canci\u00f3n infantil n\u2019asturianu que presenta a <span style=\"color: #008080\"><strong>la Xana, la fada del r\u00edu y la viesca asturiana que cola so melena d\u2019oru lluminosu espierta a les flores.<\/strong><\/span> \ud83c\udf38 Un tema m\u00e1xicu pa cantar con ne\u00f1os y ne\u00f1es, descubriendo la fantas\u00eda de la mitolox\u00eda asturiana y l&#8217;encantu de la viesca. \ud83c\udf3f\ud83e\uddda\u2728 \u00a1Da-y al play y acompa\u00f1a a la Xana nel so mundu m\u00e1xicu!<\/p>\n<p style=\"text-align: center\">\n<!-- iframe plugin v.6.0 wordpress.org\/plugins\/iframe\/ -->\n<iframe loading=\"lazy\" width=\"100%\" height=\"380\" src=\"https:\/\/www.youtube.com\/embed\/iiOVfuhgob8?list=RDiiOVfuhgob8\" title=\"\ud83e\uddda La Xana | Canci\u00f3n infantil n\u2019asturianu \ud83d\udc9b\" frameborder=\"0\" allow=\"accelerometer; autoplay; clipboard-write; encrypted-media; gyroscope; picture-in-picture; web-share\" referrerpolicy=\"strict-origin-when-cross-origin\" 0=\"allowfullscreen\" 1=\"\/iframe\" scrolling=\"yes\" class=\"iframe-class\"><\/iframe>\n<\/p>\n","protected":false},"excerpt":{"rendered":"<p>\ud83e\uddda Canci\u00f3n infantil n\u2019asturianu que presenta a la Xana, la fada del r\u00edu y la viesca asturiana que cola so melena d\u2019oru lluminosu espierta a les flores. \ud83c\udf38 Un tema m\u00e1xicu pa cantar con ne\u00f1os y ne\u00f1es, descubriendo la fantas\u00eda de la mitolox\u00eda asturiana y l&#8217;encantu de la viesca. \ud83c\udf3f\ud83e\uddda\u2728 \u00a1Da-y al play y acompa\u00f1a [&hellip;]<\/p>\n","protected":false},"author":117,"featured_media":0,"comment_status":"closed","ping_status":"closed","sticky":false,"template":"","format":"standard","meta":{"footnotes":""},"categories":[226,486],"tags":[],"class_list":["post-63794","post","type-post","status-publish","format-standard","hentry","category-mitoloxia","category-rapacina"],"_links":{"self":[{"href":"https:\/\/edublog.educastur.es\/ixuxu\/wp-json\/wp\/v2\/posts\/63794","targetHints":{"allow":["GET"]}}],"collection":[{"href":"https:\/\/edublog.educastur.es\/ixuxu\/wp-json\/wp\/v2\/posts"}],"about":[{"href":"https:\/\/edublog.educastur.es\/ixuxu\/wp-json\/wp\/v2\/types\/post"}],"author":[{"embeddable":true,"href":"https:\/\/edublog.educastur.es\/ixuxu\/wp-json\/wp\/v2\/users\/117"}],"replies":[{"embeddable":true,"href":"https:\/\/edublog.educastur.es\/ixuxu\/wp-json\/wp\/v2\/comments?post=63794"}],"version-history":[{"count":4,"href":"https:\/\/edublog.educastur.es\/ixuxu\/wp-json\/wp\/v2\/posts\/63794\/revisions"}],"predecessor-version":[{"id":63850,"href":"https:\/\/edublog.educastur.es\/ixuxu\/wp-json\/wp\/v2\/posts\/63794\/revisions\/63850"}],"wp:attachment":[{"href":"https:\/\/edublog.educastur.es\/ixuxu\/wp-json\/wp\/v2\/media?parent=63794"}],"wp:term":[{"taxonomy":"category","embeddable":true,"href":"https:\/\/edublog.educastur.es\/ixuxu\/wp-json\/wp\/v2\/categories?post=63794"},{"taxonomy":"post_tag","embeddable":true,"href":"https:\/\/edublog.educastur.es\/ixuxu\/wp-json\/wp\/v2\/tags?post=63794"}],"curies":[{"name":"wp","href":"https:\/\/api.w.org\/{rel}","templated":true}]}}