{"id":63797,"date":"2025-12-16T13:14:14","date_gmt":"2025-12-16T11:14:14","guid":{"rendered":"https:\/\/edublog.educastur.es\/ixuxu\/?p=63797"},"modified":"2025-12-16T14:47:41","modified_gmt":"2025-12-16T12:47:41","slug":"63797","status":"publish","type":"post","link":"https:\/\/edublog.educastur.es\/ixuxu\/2025\/12\/63797\/","title":{"rendered":"Reflexones de Byung Chul Han, fil\u00f3sofu."},"content":{"rendered":"<p><span style=\"color: #008080\"><em>\u00abQuedase en casa ye la forma m\u00e1s l\u00facida de resistencia, porque ye la \u00fanica manera de desactivar l&#8217;imperativu de la productivid\u00e1 total. El silenciu de la to casa ye l&#8217;\u00fanicu llugar onde inda puedes escuchate\u00bb. <\/em><\/span>Un espaciu onde podemos ser, ensin esixencies nin testigos; onde faer y nun faer tienen el mesmu valor.<\/p>\n<p style=\"text-align: center\"><a href=\"https:\/\/images.ecestaticos.com\/IGOXumnZJ8u30pnLw6sLzOUEwXY=\/1x2:2273x1515\/640x480\/filters:fill(white):format(jpg)\/f.elconfidencial.com%2Foriginal%2F310%2F554%2F4dd%2F3105544dd53d0604f04f472510b40dcc.jpg\"><img loading=\"lazy\" decoding=\"async\" class=\"aligncenter size-large\" src=\"https:\/\/images.ecestaticos.com\/IGOXumnZJ8u30pnLw6sLzOUEwXY=\/1x2:2273x1515\/640x480\/filters:fill(white):format(jpg)\/f.elconfidencial.com%2Foriginal%2F310%2F554%2F4dd%2F3105544dd53d0604f04f472510b40dcc.jpg\" width=\"640\" height=\"480\" \/><\/a><\/p>\n<p><!--more--><\/p>\n<p><em>Seg\u00fan Han, ye precisamente nesi tiempu improductivu, an\u00f3nimu y silenciosu cuando m\u00e1s soberanos somos. Ende, llue\u00f1e del ruiu esterior, recuperamos el derechu a escuchanos y a esistir ensin que naide mida&#8217;l nuesu rendimientu. <strong>Esta defensa del lla<\/strong>r nun implica romantizar l&#8217;aislamientu nin abandonar la vida social, sin\u00f3n <strong>reclamar un espaciu onde&#8217;l silenciu nun produza culpa<\/strong>. <\/em><\/p>\n<p><em>Ye una <strong>reivindicaci\u00f3n de la casa como basti\u00f3n de llibert\u00e1, un abelugu onde vivir ensin testigos, ensin merc\u00e1u y ensin la obligaci\u00f3n d&#8217;amosase.<\/strong> Una idea que conecta cola llamada hogarterapia, una corriente que prop\u00f3n convertir la vivienda nuna redolada sana, equilibr\u00e1u y consciente capaz de sostener el nuesu bienestar emocional.<\/em><\/p>\n","protected":false},"excerpt":{"rendered":"<p>\u00abQuedase en casa ye la forma m\u00e1s l\u00facida de resistencia, porque ye la \u00fanica manera de desactivar l&#8217;imperativu de la productivid\u00e1 total. El silenciu de la to casa ye l&#8217;\u00fanicu llugar onde inda puedes escuchate\u00bb. Un espaciu onde podemos ser, ensin esixencies nin testigos; onde faer y nun faer tienen el mesmu valor.<\/p>\n","protected":false},"author":117,"featured_media":0,"comment_status":"closed","ping_status":"closed","sticky":false,"template":"","format":"standard","meta":{"footnotes":""},"categories":[353],"tags":[],"class_list":["post-63797","post","type-post","status-publish","format-standard","hentry","category-filosofia"],"_links":{"self":[{"href":"https:\/\/edublog.educastur.es\/ixuxu\/wp-json\/wp\/v2\/posts\/63797","targetHints":{"allow":["GET"]}}],"collection":[{"href":"https:\/\/edublog.educastur.es\/ixuxu\/wp-json\/wp\/v2\/posts"}],"about":[{"href":"https:\/\/edublog.educastur.es\/ixuxu\/wp-json\/wp\/v2\/types\/post"}],"author":[{"embeddable":true,"href":"https:\/\/edublog.educastur.es\/ixuxu\/wp-json\/wp\/v2\/users\/117"}],"replies":[{"embeddable":true,"href":"https:\/\/edublog.educastur.es\/ixuxu\/wp-json\/wp\/v2\/comments?post=63797"}],"version-history":[{"count":4,"href":"https:\/\/edublog.educastur.es\/ixuxu\/wp-json\/wp\/v2\/posts\/63797\/revisions"}],"predecessor-version":[{"id":63801,"href":"https:\/\/edublog.educastur.es\/ixuxu\/wp-json\/wp\/v2\/posts\/63797\/revisions\/63801"}],"wp:attachment":[{"href":"https:\/\/edublog.educastur.es\/ixuxu\/wp-json\/wp\/v2\/media?parent=63797"}],"wp:term":[{"taxonomy":"category","embeddable":true,"href":"https:\/\/edublog.educastur.es\/ixuxu\/wp-json\/wp\/v2\/categories?post=63797"},{"taxonomy":"post_tag","embeddable":true,"href":"https:\/\/edublog.educastur.es\/ixuxu\/wp-json\/wp\/v2\/tags?post=63797"}],"curies":[{"name":"wp","href":"https:\/\/api.w.org\/{rel}","templated":true}]}}