{"id":63819,"date":"2025-12-16T18:30:57","date_gmt":"2025-12-16T16:30:57","guid":{"rendered":"https:\/\/edublog.educastur.es\/ixuxu\/?p=63819"},"modified":"2025-12-16T18:31:04","modified_gmt":"2025-12-16T16:31:04","slug":"lusu-del-tresporte-publicu-per-carretera-crecio-nasturies","status":"publish","type":"post","link":"https:\/\/edublog.educastur.es\/ixuxu\/2025\/12\/lusu-del-tresporte-publicu-per-carretera-crecio-nasturies\/","title":{"rendered":"L&#8217;usu del tresporte p\u00fablicu per carretera creci\u00f3 n&#8217;Asturies"},"content":{"rendered":"<div class=\"html-div xdj266r xat24cr x1lziwak xexx8yu xyri2b x18d9i69 x1c1uobl x78zum5 x2lah0s xqtp20y x1xegmmw\">\n<div class=\"x1vqgdyp x100vrsf\">\n<div class=\"\" style=\"text-align: center\"><a href=\"https:\/\/actualidad.asturias.es\/documents\/537115\/2983561\/tarjeta+conecta2.jpg\/8fd8b1a3-aa83-41aa-f2de-7be9b296b01b?t=1765882684709\"><img loading=\"lazy\" decoding=\"async\" class=\"aligncenter \" src=\"https:\/\/actualidad.asturias.es\/documents\/537115\/2983561\/tarjeta+conecta2.jpg\/8fd8b1a3-aa83-41aa-f2de-7be9b296b01b?t=1765882684709\" width=\"576\" height=\"324\" \/><\/a><\/div>\n<\/div>\n<\/div>\n<div class=\"html-div xdj266r x14z9mp xat24cr x1lziwak xexx8yu xyri2b x18d9i69 x1c1uobl\" dir=\"auto\">\n<div class=\"html-div xdj266r x14z9mp xat24cr x1lziwak xexx8yu xyri2b x18d9i69 x1c1uobl\" data-ad-rendering-role=\"story_message\">\n<div id=\"_r_1qp_\" class=\"x1l90r2v x1iorvi4 x1g0dm76 xpdmqnj\" data-ad-comet-preview=\"message\" data-ad-preview=\"message\">\n<div class=\"x78zum5 xdt5ytf xz62fqu x16ldp7u\">\n<div class=\"xu06os2 x1ok221b\">\n<div class=\"html-div xdj266r x14z9mp xat24cr x1lziwak xexx8yu xyri2b x18d9i69 x1c1uobl\">\n<div class=\"x14z9mp xat24cr x1lziwak x1vvkbs xtlvy1s x126k92a\">\n<div dir=\"auto\">L&#8217;usu del tresporte p\u00fablicu per carretera creci\u00f3 n&#8217;Asturies un 8,1% hasta payares en comparanza col mesmu per\u00edodu de 2024. El 64% de los m\u00e1s 54,4 millones de viaxes rexistraos valid\u00e1ronse col billete \u00fanicu CONECTA. <span class=\"x78zum5 x1q0g3np\"><span class=\"x1lliihq x6ikm8r x10wlt62 x1n2onr6 xlyipyv xuxw1ft\"><span class=\"xt0psk2\"><span class=\"xjp7ctv\"><a class=\"x1i10hfl xjbqb8w x1ejq31n x18oe1m7 x1sy0etr xstzfhl x972fbf x10w94by x1qhh985 x14e42zd x9f619 x1ypdohk xt0psk2 x3ct3a4 xdj266r x14z9mp xat24cr x1lziwak xexx8yu xyri2b x18d9i69 x1c1uobl x16tdsg8 x1hl2dhg xggy1nq x1a2a7pz xkrqix3 x1sur9pj xzsf02u x1s688f\" role=\"link\" href=\"https:\/\/www.facebook.com\/profile.php?id=61585174861427&amp;__cft__[0]=AZYOPth8qz0LCFNxkf3WogrTTg9eZk2ybEwSTqSMfAOiaKe3Yk_yMzO7dET_KztYsHe2ZJKnrOL4a58esvRZJFiJbZi3M43s2jZA4N1ryPSGXd_P_SFOyQkv50R4x_26DZ_s2PXQTgkwW4n89We_LOuGe7aXLeeeDl2aQaZ91MkUTdLdpEizIpCy7_m9ceU4mU47uMH-FxJI4Pv6rSD8MrKY&amp;__tn__=-UC%2CP-R\"><b class=\"html-b xdj266r x14z9mp xat24cr x1lziwak xexx8yu xyri2b x18d9i69 x1c1uobl x1hl2dhg x16tdsg8 x1vvkbs x1s688f\"><span class=\"html-span xdj266r x14z9mp xat24cr x1lziwak xexx8yu xyri2b x18d9i69 x1c1uobl x1hl2dhg x16tdsg8 x1vvkbs\">Conecta &#8211; Plataforma de Movilidad de Asturias<\/span><\/b><\/a><\/span><\/span><\/span><\/span>Los datos mensuales calti\u00e9nense percima de los 5 millones en servicios urbanos ya interurbanos. <span class=\"html-span xexx8yu xyri2b x18d9i69 x1c1uobl x1hl2dhg x16tdsg8 x1vvkbs x3nfvp2 x1j61x8r x1fcty0u xdj266r xat24cr xm2jcoa x1mpyi22 xxymvpz xlup9mm x1kky2od\"><img loading=\"lazy\" decoding=\"async\" class=\"xz74otr x15mokao x1ga7v0g x16uus16 xbiv7yw\" src=\"https:\/\/static.xx.fbcdn.net\/images\/emoji.php\/v9\/tca\/1\/16\/2795.png\" alt=\"\u2795\" width=\"16\" height=\"16\" \/><\/span> informaci\u00f3n: <span class=\"html-span xdj266r x14z9mp xat24cr x1lziwak xexx8yu xyri2b x18d9i69 x1c1uobl x1hl2dhg x16tdsg8 x1vvkbs\"><a class=\"x1i10hfl xjbqb8w x1ejq31n x18oe1m7 x1sy0etr xstzfhl x972fbf x10w94by x1qhh985 x14e42zd x9f619 x1ypdohk xt0psk2 x3ct3a4 xdj266r x14z9mp xat24cr x1lziwak xexx8yu xyri2b x18d9i69 x1c1uobl x16tdsg8 x1hl2dhg xggy1nq x1a2a7pz xkrqix3 x1sur9pj x1fey0fg x1s688f\" role=\"link\" href=\"https:\/\/goo.su\/UoWSn0N?fbclid=IwZXh0bgNhZW0CMTAAYnJpZBEwWmFqSXczT3ExcTh3cWJYaXNydGMGYXBwX2lkEDIyMjAzOTE3ODgyMDA4OTIAAR50WLvZmmawQGiWYbyqnt53KKTWZ32zoXDcw3iGXjYlkWu4QTbi_ZtBqk54HA_aem_jCZenyD9Mtm10nge1jsKEw\" target=\"_blank\" rel=\"nofollow noopener noreferrer\">https:\/\/goo.su\/UoWSn0N<\/a><\/span><\/div>\n<\/div>\n<\/div>\n<\/div>\n<\/div>\n<\/div>\n<\/div>\n<\/div>\n","protected":false},"excerpt":{"rendered":"<p>L&#8217;usu del tresporte p\u00fablicu per carretera creci\u00f3 n&#8217;Asturies un 8,1% hasta payares en comparanza col mesmu per\u00edodu de 2024. El 64% de los m\u00e1s 54,4 millones de viaxes rexistraos valid\u00e1ronse col billete \u00fanicu CONECTA. Conecta &#8211; Plataforma de Movilidad de AsturiasLos datos mensuales calti\u00e9nense percima de los 5 millones en servicios urbanos ya interurbanos. informaci\u00f3n: [&hellip;]<\/p>\n","protected":false},"author":117,"featured_media":0,"comment_status":"closed","ping_status":"closed","sticky":false,"template":"","format":"standard","meta":{"footnotes":""},"categories":[232],"tags":[],"class_list":["post-63819","post","type-post","status-publish","format-standard","hentry","category-tresportes"],"_links":{"self":[{"href":"https:\/\/edublog.educastur.es\/ixuxu\/wp-json\/wp\/v2\/posts\/63819","targetHints":{"allow":["GET"]}}],"collection":[{"href":"https:\/\/edublog.educastur.es\/ixuxu\/wp-json\/wp\/v2\/posts"}],"about":[{"href":"https:\/\/edublog.educastur.es\/ixuxu\/wp-json\/wp\/v2\/types\/post"}],"author":[{"embeddable":true,"href":"https:\/\/edublog.educastur.es\/ixuxu\/wp-json\/wp\/v2\/users\/117"}],"replies":[{"embeddable":true,"href":"https:\/\/edublog.educastur.es\/ixuxu\/wp-json\/wp\/v2\/comments?post=63819"}],"version-history":[{"count":2,"href":"https:\/\/edublog.educastur.es\/ixuxu\/wp-json\/wp\/v2\/posts\/63819\/revisions"}],"predecessor-version":[{"id":63821,"href":"https:\/\/edublog.educastur.es\/ixuxu\/wp-json\/wp\/v2\/posts\/63819\/revisions\/63821"}],"wp:attachment":[{"href":"https:\/\/edublog.educastur.es\/ixuxu\/wp-json\/wp\/v2\/media?parent=63819"}],"wp:term":[{"taxonomy":"category","embeddable":true,"href":"https:\/\/edublog.educastur.es\/ixuxu\/wp-json\/wp\/v2\/categories?post=63819"},{"taxonomy":"post_tag","embeddable":true,"href":"https:\/\/edublog.educastur.es\/ixuxu\/wp-json\/wp\/v2\/tags?post=63819"}],"curies":[{"name":"wp","href":"https:\/\/api.w.org\/{rel}","templated":true}]}}