{"id":63822,"date":"2025-12-18T09:05:18","date_gmt":"2025-12-18T07:05:18","guid":{"rendered":"https:\/\/edublog.educastur.es\/ixuxu\/?p=63822"},"modified":"2025-12-16T18:34:30","modified_gmt":"2025-12-16T16:34:30","slug":"dia-internacional-del-migrante","status":"publish","type":"post","link":"https:\/\/edublog.educastur.es\/ixuxu\/2025\/12\/dia-internacional-del-migrante\/","title":{"rendered":"D\u00eda Internacional del Migrante"},"content":{"rendered":"<p>El Gobiernu del Princip\u00e1u va conmemorar el 18 d&#8217;avientu&#8217;l <strong>D\u00eda Internacional del Migrante<\/strong> con una programaci\u00f3n que pon el focu nos derechos sociales, la dependencia, la torna y l&#8217;aportaci\u00f3n de les muyeres a la emigraci\u00f3n asturiana, y que va combinar la reflex\u00f3n institucional con actividaes culturales abiertes a la ciudadan\u00eda. <a href=\"https:\/\/actualidad.asturias.es\/-\/el-gobierno-de-asturias-reivindica-los-derechos-sociales-y-la-aportaci%C3%B3n-de-las-mujeres-en-la-celebraci%C3%B3n-del-d%C3%ADa-del-migrante?redirect=%2Fnoticias\">Actualid\u00e1\u00a0<\/a><\/p>\n<p style=\"text-align: center\"><a href=\"https:\/\/actualidad.asturias.es\/documents\/537115\/2983916\/cartel+%281%29.jpg\/b5f8aadb-73d7-09be-39a3-094984223772?t=1765888221313\"><img loading=\"lazy\" decoding=\"async\" class=\"aligncenter \" src=\"https:\/\/actualidad.asturias.es\/documents\/537115\/2983916\/cartel+%281%29.jpg\/b5f8aadb-73d7-09be-39a3-094984223772?t=1765888221313\" width=\"606\" height=\"857\" \/><\/a><\/p>\n<ul>\n<li><a class=\"pdf\" title=\"Nota prensa D\u00eda Internacional del Migrante. Abre una nueva ventana\" href=\"https:\/\/actualidad.asturias.es\/documents\/533407\/0\/2025_12_16+NP+Dia+Migrante.pdf\/019ed208-c6af-2bae-5d4d-3c85c4363b4a?t=1765888206934\" target=\"_blank\" rel=\"noopener\"> Nota prensa D\u00eda Internacional del Migrante <\/a><\/li>\n<li><a class=\"pdf\" title=\"Cartel D\u00eda Internacional del Migrante. Abre una nueva ventana\" href=\"https:\/\/actualidad.asturias.es\/documents\/533407\/0\/cartel.pdf\/42e89c2a-dfd5-f3ed-df19-eb749dbc3c06?t=1765887540356\" target=\"_blank\" rel=\"noopener\"> Cartel D\u00eda Internacional del Migrante <\/a><\/li>\n<\/ul>\n","protected":false},"excerpt":{"rendered":"<p>El Gobiernu del Princip\u00e1u va conmemorar el 18 d&#8217;avientu&#8217;l D\u00eda Internacional del Migrante con una programaci\u00f3n que pon el focu nos derechos sociales, la dependencia, la torna y l&#8217;aportaci\u00f3n de les muyeres a la emigraci\u00f3n asturiana, y que va combinar la reflex\u00f3n institucional con actividaes culturales abiertes a la ciudadan\u00eda. Actualid\u00e1\u00a0 Nota prensa D\u00eda Internacional [&hellip;]<\/p>\n","protected":false},"author":117,"featured_media":0,"comment_status":"closed","ping_status":"closed","sticky":false,"template":"","format":"standard","meta":{"footnotes":""},"categories":[6,475],"tags":[],"class_list":["post-63822","post","type-post","status-publish","format-standard","hentry","category-dia-de","category-emigracion"],"_links":{"self":[{"href":"https:\/\/edublog.educastur.es\/ixuxu\/wp-json\/wp\/v2\/posts\/63822","targetHints":{"allow":["GET"]}}],"collection":[{"href":"https:\/\/edublog.educastur.es\/ixuxu\/wp-json\/wp\/v2\/posts"}],"about":[{"href":"https:\/\/edublog.educastur.es\/ixuxu\/wp-json\/wp\/v2\/types\/post"}],"author":[{"embeddable":true,"href":"https:\/\/edublog.educastur.es\/ixuxu\/wp-json\/wp\/v2\/users\/117"}],"replies":[{"embeddable":true,"href":"https:\/\/edublog.educastur.es\/ixuxu\/wp-json\/wp\/v2\/comments?post=63822"}],"version-history":[{"count":2,"href":"https:\/\/edublog.educastur.es\/ixuxu\/wp-json\/wp\/v2\/posts\/63822\/revisions"}],"predecessor-version":[{"id":63824,"href":"https:\/\/edublog.educastur.es\/ixuxu\/wp-json\/wp\/v2\/posts\/63822\/revisions\/63824"}],"wp:attachment":[{"href":"https:\/\/edublog.educastur.es\/ixuxu\/wp-json\/wp\/v2\/media?parent=63822"}],"wp:term":[{"taxonomy":"category","embeddable":true,"href":"https:\/\/edublog.educastur.es\/ixuxu\/wp-json\/wp\/v2\/categories?post=63822"},{"taxonomy":"post_tag","embeddable":true,"href":"https:\/\/edublog.educastur.es\/ixuxu\/wp-json\/wp\/v2\/tags?post=63822"}],"curies":[{"name":"wp","href":"https:\/\/api.w.org\/{rel}","templated":true}]}}