{"id":63825,"date":"2025-12-17T10:08:01","date_gmt":"2025-12-17T08:08:01","guid":{"rendered":"https:\/\/edublog.educastur.es\/ixuxu\/?p=63825"},"modified":"2025-12-17T10:08:11","modified_gmt":"2025-12-17T08:08:11","slug":"el-tiempu-el-comercio-213","status":"publish","type":"post","link":"https:\/\/edublog.educastur.es\/ixuxu\/2025\/12\/el-tiempu-el-comercio-213\/","title":{"rendered":"El tiempu (El Comercio)"},"content":{"rendered":"<p style=\"text-align: center\"><a href=\"https:\/\/s2.ppllstatics.com\/elcomercio\/www\/multimedia\/2025\/12\/16\/tiempo-asturias-miercoles-17-diciembre-kf0G-U2302588077118HVD-1200x870@El%20Comercio.jpg\"><img loading=\"lazy\" decoding=\"async\" class=\"aligncenter size-large\" src=\"https:\/\/s2.ppllstatics.com\/elcomercio\/www\/multimedia\/2025\/12\/16\/tiempo-asturias-miercoles-17-diciembre-kf0G-U2302588077118HVD-1200x870@El%20Comercio.jpg\" width=\"1200\" height=\"865\" \/><\/a><\/p>\n<p>Tres la lluviosa xornada que vivimos esti martes onde se lleg\u00f3 a superar los 40 llitros per metro cuadr\u00e1u en dellos puntos d&#8217;Asturies como foi&#8217;l casu del conceyu de Pilo\u00f1a, esti mi\u00e9rcoles esperamos unes condiciones meteorol\u00f3xiques muncho m\u00e1s estables. <strong>Los cielos<\/strong> van tar pocu nublos con, a lo sumo, intervalos de nubes altes ensin importancia. La probabilid\u00e1 de precipitaciones va ser nula. Los vientos esp\u00e9rense fluexos con encl\u00edn a afitase de sur a la fin del d\u00eda. <strong>Les temperatures m\u00e1ximes<\/strong> van xubir de forma xeneralizada. Na met\u00e1 sur van xubir hasta 5 o 6 \u00baC m\u00e1s que les anotaes del martes, ente que na met\u00e1 norte van xubir hasta 3 o 4 \u00baC m\u00e1s. <strong>Les temperatures m\u00ednimes<\/strong>, sicas\u00ed, van baxar llixeramente na mayor parte del territoriu asturianu.<\/p>\n<p><!--more--><\/p>\n<p><strong>El xueves<\/strong> va ser un d\u00eda marc\u00e1u polos fuertes de vientos de componente sur que van consiguir xubir tantu les m\u00ednimes como les m\u00e1ximes. Ye por ello polo que ma\u00f1ana vamos esfrutar d&#8217;un ambiente t\u00e9rmico bien prestosu teniendo en cuenta que vamos tar a 18 d&#8217;avientu. En cuanto al est\u00e1u de los cielos para ma\u00f1ana, van tar estenaos de primeres pero van aumentar les nubes pela tarde ensin refugase precipitaciones na recta final. Per otru llau, a partir del mediud\u00eda del xueves activar\u00e1se l&#8217;avisu mariellu na mar por foles d&#8217;hasta 5 metros d&#8217;altor.<\/p>\n","protected":false},"excerpt":{"rendered":"<p>Tres la lluviosa xornada que vivimos esti martes onde se lleg\u00f3 a superar los 40 llitros per metro cuadr\u00e1u en dellos puntos d&#8217;Asturies como foi&#8217;l casu del conceyu de Pilo\u00f1a, esti mi\u00e9rcoles esperamos unes condiciones meteorol\u00f3xiques muncho m\u00e1s estables. Los cielos van tar pocu nublos con, a lo sumo, intervalos de nubes altes ensin importancia. [&hellip;]<\/p>\n","protected":false},"author":117,"featured_media":0,"comment_status":"closed","ping_status":"closed","sticky":false,"template":"","format":"standard","meta":{"footnotes":""},"categories":[5],"tags":[],"class_list":["post-63825","post","type-post","status-publish","format-standard","hentry","category-tiempu"],"_links":{"self":[{"href":"https:\/\/edublog.educastur.es\/ixuxu\/wp-json\/wp\/v2\/posts\/63825","targetHints":{"allow":["GET"]}}],"collection":[{"href":"https:\/\/edublog.educastur.es\/ixuxu\/wp-json\/wp\/v2\/posts"}],"about":[{"href":"https:\/\/edublog.educastur.es\/ixuxu\/wp-json\/wp\/v2\/types\/post"}],"author":[{"embeddable":true,"href":"https:\/\/edublog.educastur.es\/ixuxu\/wp-json\/wp\/v2\/users\/117"}],"replies":[{"embeddable":true,"href":"https:\/\/edublog.educastur.es\/ixuxu\/wp-json\/wp\/v2\/comments?post=63825"}],"version-history":[{"count":1,"href":"https:\/\/edublog.educastur.es\/ixuxu\/wp-json\/wp\/v2\/posts\/63825\/revisions"}],"predecessor-version":[{"id":63826,"href":"https:\/\/edublog.educastur.es\/ixuxu\/wp-json\/wp\/v2\/posts\/63825\/revisions\/63826"}],"wp:attachment":[{"href":"https:\/\/edublog.educastur.es\/ixuxu\/wp-json\/wp\/v2\/media?parent=63825"}],"wp:term":[{"taxonomy":"category","embeddable":true,"href":"https:\/\/edublog.educastur.es\/ixuxu\/wp-json\/wp\/v2\/categories?post=63825"},{"taxonomy":"post_tag","embeddable":true,"href":"https:\/\/edublog.educastur.es\/ixuxu\/wp-json\/wp\/v2\/tags?post=63825"}],"curies":[{"name":"wp","href":"https:\/\/api.w.org\/{rel}","templated":true}]}}