{"id":63844,"date":"2025-12-17T12:30:30","date_gmt":"2025-12-17T10:30:30","guid":{"rendered":"https:\/\/edublog.educastur.es\/ixuxu\/?p=63844"},"modified":"2025-12-17T12:33:06","modified_gmt":"2025-12-17T10:33:06","slug":"vuelvel-ramu-nadal-o-nataliegu","status":"publish","type":"post","link":"https:\/\/edublog.educastur.es\/ixuxu\/2025\/12\/vuelvel-ramu-nadal-o-nataliegu\/","title":{"rendered":"Vuelve&#8217;l Ramu Nadal y Nataliegu"},"content":{"rendered":"<div class=\"html-div xdj266r x14z9mp xat24cr x1lziwak xexx8yu x1a8lsjc xf7dkkf xv54qhq\">\n<div class=\"html-div xdj266r x14z9mp xat24cr x1lziwak xexx8yu xyri2b x18d9i69 x1c1uobl x1jx94hy x78zum5 x1q0g3np\">\n<div class=\"x78zum5 xdt5ytf xz62fqu x16ldp7u\">\n<div class=\"xu06os2 x1ok221b\">\n<div class=\"html-div xdj266r x14z9mp xat24cr x1lziwak xexx8yu xyri2b x18d9i69 x1c1uobl\" data-ad-rendering-role=\"profile_name\">\n<p style=\"text-align: center\"><em><span class=\"x193iq5w xeuugli x13faqbe x1vvkbs xt0psk2 x1i0vuye xvs91rp xo1l8bm x5n08af x10wh9bi xpm28yp x8viiok x1o7cslx x126k92a\"><span class=\"html-span xexx8yu x4uap5 x18d9i69 xkhd6sd x1hl2dhg x16tdsg8 x1vvkbs x3nfvp2 x1j61x8r x1fcty0u xdj266r xat24cr xgzva0m xhhsvwb xxymvpz xlup9mm x1kky2od\">\n<!-- iframe plugin v.6.0 wordpress.org\/plugins\/iframe\/ -->\n<iframe loading=\"lazy\" src=\"https:\/\/www.instagram.com\/p\/DSVW2gaiLcC\/embed\" width=\"460\" height=\"620\" 0=\"\/iframe\" scrolling=\"yes\" class=\"iframe-class\" frameborder=\"0\"><\/iframe>\n<\/span><\/span><\/em><\/p>\n<p>Pal que nun lo sepa,\u00a0 el Ramu Nadal o Nataliegu ye un tueru de carbayu que se quema mientres la Nuechebona. Son dos de los elementos navidiegos tradicionales d&#8217;Asturies. El Nataliego qu\u00e9mase mientres la nueche del 24, recu\u00e9yense los rescoldos la ma\u00f1ana del 25, y guardense lo que quede hasta l&#8217;a\u00f1u siguiente, como s\u00edmbolu de protecci\u00f3n.<\/p>\n<p><!--more--><\/p>\n<p>\ud83d\udd39El Ramu de Nadal ye l&#8217;\u00e1rbol de navid\u00e1 tradicional, que ye bien paec\u00edu al \u00e1rbol de navid\u00e1 llion\u00e9s. Del Ramu cuelguen dulces, llazos y ca\u00f1es de xard\u00f3n (arfueyu \ud83c\udf3f) y texu \ud83c\udf33. Esti tueru ye otra de les tradiciones paganes rellacionaes col fueu, que celebraba la renacencia del sol, cuando los d\u00edes empezaben a crecer de nuevu y la lluz del sol volv\u00eda allumar los campos.<\/p>\n<\/div>\n<\/div>\n<\/div>\n<\/div>\n<\/div>\n<p>&nbsp;<\/p>\n<div class=\"html-div xdj266r x14z9mp xat24cr x1lziwak xexx8yu xyri2b x18d9i69 x1c1uobl\" dir=\"auto\">\n<div class=\"html-div xdj266r x14z9mp xat24cr x1lziwak xexx8yu xyri2b x18d9i69 x1c1uobl\" dir=\"auto\">\n<div class=\"html-div xdj266r x14z9mp xat24cr x1lziwak xexx8yu xyri2b x18d9i69 x1c1uobl\" data-ad-rendering-role=\"story_message\">\n<div class=\"x1l90r2v x1iorvi4 x1g0dm76 xpdmqnj\" data-ad-comet-preview=\"message\" data-ad-preview=\"message\">\n<div class=\"x78zum5 xdt5ytf xz62fqu x16ldp7u\">\n<div class=\"xu06os2 x1ok221b\">\n<div class=\"html-div xdj266r x14z9mp xat24cr x1lziwak xexx8yu xyri2b x18d9i69 x1c1uobl\">\n<div class=\"xdj266r x14z9mp xat24cr x1lziwak x1vvkbs x126k92a\"><\/div>\n<div class=\"x14z9mp xat24cr x1lziwak x1vvkbs xtlvy1s x126k92a\">\n<div dir=\"auto\">\n<div class=\"xdj266r x14z9mp xat24cr x1lziwak x1vvkbs x126k92a\">\n<div dir=\"auto\"><\/div>\n<\/div>\n<\/div>\n<\/div>\n<\/div>\n<\/div>\n<\/div>\n<\/div>\n<\/div>\n<\/div>\n<\/div>\n","protected":false},"excerpt":{"rendered":"<p>Pal que nun lo sepa,\u00a0 el Ramu Nadal o Nataliegu ye un tueru de carbayu que se quema mientres la Nuechebona. Son dos de los elementos navidiegos tradicionales d&#8217;Asturies. El Nataliego qu\u00e9mase mientres la nueche del 24, recu\u00e9yense los rescoldos la ma\u00f1ana del 25, y guardense lo que quede hasta l&#8217;a\u00f1u siguiente, como s\u00edmbolu de [&hellip;]<\/p>\n","protected":false},"author":117,"featured_media":0,"comment_status":"closed","ping_status":"closed","sticky":false,"template":"","format":"standard","meta":{"footnotes":""},"categories":[81,113],"tags":[],"class_list":["post-63844","post","type-post","status-publish","format-standard","hentry","category-nadal","category-tradiciones"],"_links":{"self":[{"href":"https:\/\/edublog.educastur.es\/ixuxu\/wp-json\/wp\/v2\/posts\/63844","targetHints":{"allow":["GET"]}}],"collection":[{"href":"https:\/\/edublog.educastur.es\/ixuxu\/wp-json\/wp\/v2\/posts"}],"about":[{"href":"https:\/\/edublog.educastur.es\/ixuxu\/wp-json\/wp\/v2\/types\/post"}],"author":[{"embeddable":true,"href":"https:\/\/edublog.educastur.es\/ixuxu\/wp-json\/wp\/v2\/users\/117"}],"replies":[{"embeddable":true,"href":"https:\/\/edublog.educastur.es\/ixuxu\/wp-json\/wp\/v2\/comments?post=63844"}],"version-history":[{"count":3,"href":"https:\/\/edublog.educastur.es\/ixuxu\/wp-json\/wp\/v2\/posts\/63844\/revisions"}],"predecessor-version":[{"id":63847,"href":"https:\/\/edublog.educastur.es\/ixuxu\/wp-json\/wp\/v2\/posts\/63844\/revisions\/63847"}],"wp:attachment":[{"href":"https:\/\/edublog.educastur.es\/ixuxu\/wp-json\/wp\/v2\/media?parent=63844"}],"wp:term":[{"taxonomy":"category","embeddable":true,"href":"https:\/\/edublog.educastur.es\/ixuxu\/wp-json\/wp\/v2\/categories?post=63844"},{"taxonomy":"post_tag","embeddable":true,"href":"https:\/\/edublog.educastur.es\/ixuxu\/wp-json\/wp\/v2\/tags?post=63844"}],"curies":[{"name":"wp","href":"https:\/\/api.w.org\/{rel}","templated":true}]}}