{"id":63881,"date":"2025-12-17T18:50:19","date_gmt":"2025-12-17T16:50:19","guid":{"rendered":"https:\/\/edublog.educastur.es\/ixuxu\/?p=63881"},"modified":"2025-12-17T20:44:48","modified_gmt":"2025-12-17T18:44:48","slug":"durria-de-fuentesila-a-primou","status":"publish","type":"post","link":"https:\/\/edublog.educastur.es\/ixuxu\/2025\/12\/durria-de-fuentesila-a-primou\/","title":{"rendered":"D\u2019Urria: \u2018De Fuentesila a Prim\u00f3u\u2019"},"content":{"rendered":"<div class=\"elementor-element elementor-element-72daa04 e-con-full e-flex e-con e-child\" data-id=\"72daa04\" data-element_type=\"container\">\n<div class=\"elementor-element elementor-element-667e3c7 elementor-widget__width-inherit elementor-widget elementor-widget-theme-post-title elementor-page-title elementor-widget-heading\" data-id=\"667e3c7\" data-element_type=\"widget\" data-widget_type=\"theme-post-title.default\">\n<div class=\"elementor-widget-container\">\n<p class=\"elementor-heading-title elementor-size-default\">D\u2019Urria a\u00f1aden tres temes m\u00e1s a \u2018De Fuentesila a Prim\u00f3u\u2019. &#8216;Manolo m\u00edo&#8217;, &#8216;Ai p\u00e1mpanu duru!&#8217; y &#8216;Guerra&#8217; completen una entrega que y\u00e1 tien nueve pieces asoleyaes y de la qu&#8217;esperen llanzar cinco m\u00e1s. <a href=\"https:\/\/musicasturiana.com\/durria-anaden-tres-temes-mas-a-de-fuentesila-a-primou\/\">Musicasturiana.com<\/a><\/p>\n<\/div>\n<\/div>\n<div class=\"elementor-element elementor-element-6138e4e elementor-widget__width-inherit elementor-widget elementor-widget-theme-post-featured-image elementor-widget-image\" data-id=\"6138e4e\" data-element_type=\"widget\" data-widget_type=\"theme-post-featured-image.default\"><\/div>\n<\/div>\n<div class=\"elementor-element elementor-element-eea4e26 e-con-full e-flex e-con e-child\" data-id=\"eea4e26\" data-element_type=\"container\">\n<div class=\"elementor-element elementor-element-9bc739f e-con-full e-flex e-con e-child\" data-id=\"9bc739f\" data-element_type=\"container\">\n<div class=\"elementor-element elementor-element-b2299bd elementor-share-buttons--view-icon elementor-share-buttons--skin-minimal elementor-share-buttons--shape-circle elementor-grid-mobile-3 elementor-share-buttons--align-right elementor-share-buttons--color-custom elementor-widget__width-auto elementor-widget-tablet__width-auto elementor-grid-0 elementor-widget elementor-widget-share-buttons\" data-id=\"b2299bd\" data-element_type=\"widget\" data-widget_type=\"share-buttons.default\">\n<div class=\"elementor-widget-container\">\n<div class=\"elementor-grid\">\n<div class=\"elementor-grid-item\">\n<div class=\"elementor-share-btn elementor-share-btn_x-twitter\" style=\"text-align: center\" role=\"button\" aria-label=\"Compartir en x-twitter\">\n<!-- iframe plugin v.6.0 wordpress.org\/plugins\/iframe\/ -->\n<iframe loading=\"lazy\" width=\"100%\" height=\"419\" src=\"https:\/\/www.youtube.com\/embed\/pTRzHf8TEQg\" title=\"AMOSANDO #4 \ud83c\udf99\ufe0f Conciertu D&#039;Urria &#039;En Ca Pla&#039;\" frameborder=\"0\" allow=\"accelerometer; autoplay; clipboard-write; encrypted-media; gyroscope; picture-in-picture; web-share\" referrerpolicy=\"strict-origin-when-cross-origin\" 0=\"allowfullscreen\" 1=\"\/iframe\" scrolling=\"yes\" class=\"iframe-class\"><\/iframe>\n<\/div>\n<\/div>\n<\/div>\n<\/div>\n<\/div>\n<\/div>\n<\/div>\n<p><!--more--><\/p>\n<div class=\"elementor-element elementor-element-a767a8c elementor-widget__width-inherit elementor-widget elementor-widget-theme-post-content\" data-id=\"a767a8c\" data-element_type=\"widget\" data-widget_type=\"theme-post-content.default\">\n<div class=\"elementor-widget-container\">\n<p>Y\u00e1 ta en toles plataformes musicales una actualizaci\u00f3n de<a href=\"https:\/\/orcd.co\/fuentesila\" target=\"_blank\" rel=\"noopener\">\u00a0<strong><em>De Fuentesila a Prim\u00f3u<\/em><\/strong><\/a>, el llanzamientu nuevu del grupu folk de L.laciana\u00a0<strong>D\u2019Urria<\/strong>. Tres d\u2019asoleyar en xunu tres temes y n\u2019agostu otros tres m\u00e1s, la formaci\u00f3n a\u00f1ade agora\u00a0<strong>tres pieces nueves:<\/strong>\u00a0\u2018Manolo m\u00edo\u2019, \u2018Ai p\u00e1mpanu duru!\u2019 -cola collaboraci\u00f3n de la formaci\u00f3n gallega de m\u00fasica tradicional BREO- y \u2018Guerra\u2019 -nel qu\u2019andecha\u2019l percusionista Migui Ocampo-. Toes elles siguen la llinia que caracteriza a esta formaci\u00f3n qu\u2019entemez\u00a0<strong>cantares tradicionales con composiciones de creaci\u00f3n propia<\/strong>.<\/p>\n<p style=\"text-align: center\">\n<!-- iframe plugin v.6.0 wordpress.org\/plugins\/iframe\/ -->\n<iframe data-testid=\"embed-iframe\" style=\"border-radius:12px\" src=\"https:\/\/open.spotify.com\/embed\/album\/4IsnQUSY0jVz1psMc2Q6Xn?utm_source=generator\" width=\"100%\" height=\"352\" frameborder=\"0\" allowfullscreen allow=\"autoplay; clipboard-write; encrypted-media; fullscreen; picture-in-picture\" loading=\"lazy\" 0=\"\/iframe\" scrolling=\"yes\" class=\"iframe-class\"><\/iframe>\n<\/p>\n<p>El primer tema qu\u2019abre esta serie nueva ye\u00a0<strong>\u2018Manolo m\u00edo\u2019<\/strong>. \u00abYe un cantar tradicional mui popular y foi\u2019l primeru que me me cant\u00f3\u00a0<strong>mio g\u00fcela Pl\u00e1cida<\/strong>\u00ab, desplica\u00a0<strong>Jos\u00e9 Manuel Sabugo \u00abSabu\u00bb\u00a0<\/strong>al rodiu d\u2019esti tema. \u00abYo cri\u00e9me con ella; foi mio madre -de fechu\u2019l primer discu yera<strong>\u00a0<em>En Ca Pla<\/em><\/strong>\u00a0porque a ella llam\u00e1bemosla Pla-, y como morri\u00f3 esti a\u00f1u<strong>\u00a0ye un homenaxe a ella<\/strong>\u00ab. Pa facer alcordanza d\u2019ella tami\u00e9n incl\u00fai nesta pieza la voz d\u2019ella \u00abcuntando como cuntaba tantes coses de Rabanal\u00bb.<\/p>\n<p>El segundu ye<strong>\u00a0\u2018Ai p\u00e1mpanu duru!\u2019<\/strong>, un tema que musicalmente destaca porque ye la<strong>\u00a0primer vez que D\u2019Urria incl\u00fain una gaita<\/strong>\u00a0nuna grabaci\u00f3n; nesti casu tocada pola\u00a0<strong>formaci\u00f3n folk gallega BREO<\/strong>. La lletra ta inspirada \u00abnuna historia que se cuntaba en<strong>\u00a0Cuevas del Sil<\/strong>\u00bb y que \u00abSabu\u00bb conoci\u00f3 gracies a la so t\u00eda\u00a0<strong>Asunci\u00f3n Sabugo\u00a0<\/strong>cuando \u00e9l ten\u00eda \u00abcinco o seis a\u00f1os\u00bb.<\/p>\n<p>\u00abLa historia de<strong>\u00a0\u2018Guerra\u2019<\/strong>\u00a0fala d\u2019un paisanu, Manolo Guerra, de San Miguel de L.laciana, que se dedicaba al\u00a0<strong>estraperlu nel Puertu L.leitariegos\u00a0<\/strong>dempu\u00e9s de la Guerra Civil, cuando se pasaben munches mercanc\u00edes d\u2019Asturies pa Lle\u00f3n y de Lle\u00f3n p\u2019Asturies\u00bb, comenta\u2019l cabezaleru de D\u2019Urria al rodiu d\u2019un tema\u00a0<strong>compuestu por \u00e9l mesmu<\/strong>\u00a0y que s\u2019inspira nel relatu<strong>\u00a0\u2018Las Brujas de Bustapiedra\u2019<\/strong>\u00a0que recueye\u00a0<strong>Julio \u00c1lvarez Rubio\u00a0<\/strong>nel llibru\u00a0<em>Sendas de Laciana<\/em>. \u00abEsa historia fala d\u2019\u00fan de los pasos de Guerra pela Veiga\u2019l Palo, onde se diz que daquella se xuntaben les bruxes de Bustapiedra pa facer\u00a0<strong>aquelarres<\/strong>\u00ab. Musicalmente calti\u00e9n l\u2019estilu caracter\u00edsticu de D\u2019Urria y cunta cola collaboraci\u00f3n de\u00a0<strong>Migui Ocampo<\/strong>\u00a0a les percusiones.<\/p>\n<div class=\"wp-block-spacer\" style=\"text-align: center\" aria-hidden=\"true\"><a href=\"https:\/\/musicasturiana.com\/wp-content\/uploads\/2025\/08\/durria-nueva-formacion.png\"><img loading=\"lazy\" decoding=\"async\" class=\"aligncenter size-large\" src=\"https:\/\/musicasturiana.com\/wp-content\/uploads\/2025\/08\/durria-nueva-formacion.png\" width=\"1200\" height=\"600\" \/><\/a><\/div>\n<h2 class=\"wp-block-heading\"><mark class=\"has-inline-color\">Otros cinco cantares m\u00e1s<\/mark><\/h2>\n<p>Cola publicaci\u00f3n D\u2019Urria siguen, pas\u00edn a pasu, adelantando conten\u00edos del que va ser el so\u00a0<strong>segundu trabayu de llarga duraci\u00f3n<\/strong>,\u00a0<em>De Fuentesila a Prim\u00f3u<\/em>. La banda l.lacianiega tien intenci\u00f3n de<strong>\u00a0grabar polo menos otros cinco cantares\u00a0<\/strong>m\u00e1s que van dir incluyendo nesti llanzamientu a midida que los vaigan terminando nos<strong>\u00a0estudios 15:40\u00a0<\/strong>de Goz\u00f3n baxo la producci\u00f3n de<strong>\u00a0Luis Sen\u00e9n Fern\u00e1ndez<\/strong>. Esti material ve la lluz siete a\u00f1os dempu\u00e9s de que\u00a0<strong>D\u2019Urria<\/strong>\u00a0s\u2019estrenara dientro de la escena musical n\u2019asturianu con\u00a0<em><strong><a href=\"https:\/\/musicasturiana.com\/producto\/durria-cd-en-capla\/\">En ca pla<\/a><\/strong><\/em>, un discu de que tuvo perbona acoyida y convirti\u00f3 a esta formaci\u00f3n<strong>\u00a0l.lacianiega<\/strong>\u00a0nuna de las m\u00e1s interesantes de la fornada nueva\u00a0<strong>folk<\/strong>.<\/p>\n<p style=\"text-align: center\">\n<!-- iframe plugin v.6.0 wordpress.org\/plugins\/iframe\/ -->\n<iframe loading=\"lazy\" width=\"100%\" height=\"419\" src=\"https:\/\/www.youtube.com\/embed\/vkjO1c6QbZc\" title=\"D\u00b4Urria - &amp;quot;Redondo&amp;quot; 2025\" frameborder=\"0\" allow=\"accelerometer; autoplay; clipboard-write; encrypted-media; gyroscope; picture-in-picture; web-share\" referrerpolicy=\"strict-origin-when-cross-origin\" 0=\"allowfullscreen\" 1=\"\/iframe\" scrolling=\"yes\" class=\"iframe-class\"><\/iframe>\n<\/p>\n<\/div>\n<\/div>\n","protected":false},"excerpt":{"rendered":"<p>D\u2019Urria a\u00f1aden tres temes m\u00e1s a \u2018De Fuentesila a Prim\u00f3u\u2019. &#8216;Manolo m\u00edo&#8217;, &#8216;Ai p\u00e1mpanu duru!&#8217; y &#8216;Guerra&#8217; completen una entrega que y\u00e1 tien nueve pieces asoleyaes y de la qu&#8217;esperen llanzar cinco m\u00e1s. Musicasturiana.com<\/p>\n","protected":false},"author":117,"featured_media":0,"comment_status":"closed","ping_status":"closed","sticky":false,"template":"","format":"standard","meta":{"footnotes":""},"categories":[35,125],"tags":[],"class_list":["post-63881","post","type-post","status-publish","format-standard","hentry","category-musica","category-musicasturiana-com"],"_links":{"self":[{"href":"https:\/\/edublog.educastur.es\/ixuxu\/wp-json\/wp\/v2\/posts\/63881","targetHints":{"allow":["GET"]}}],"collection":[{"href":"https:\/\/edublog.educastur.es\/ixuxu\/wp-json\/wp\/v2\/posts"}],"about":[{"href":"https:\/\/edublog.educastur.es\/ixuxu\/wp-json\/wp\/v2\/types\/post"}],"author":[{"embeddable":true,"href":"https:\/\/edublog.educastur.es\/ixuxu\/wp-json\/wp\/v2\/users\/117"}],"replies":[{"embeddable":true,"href":"https:\/\/edublog.educastur.es\/ixuxu\/wp-json\/wp\/v2\/comments?post=63881"}],"version-history":[{"count":3,"href":"https:\/\/edublog.educastur.es\/ixuxu\/wp-json\/wp\/v2\/posts\/63881\/revisions"}],"predecessor-version":[{"id":63884,"href":"https:\/\/edublog.educastur.es\/ixuxu\/wp-json\/wp\/v2\/posts\/63881\/revisions\/63884"}],"wp:attachment":[{"href":"https:\/\/edublog.educastur.es\/ixuxu\/wp-json\/wp\/v2\/media?parent=63881"}],"wp:term":[{"taxonomy":"category","embeddable":true,"href":"https:\/\/edublog.educastur.es\/ixuxu\/wp-json\/wp\/v2\/categories?post=63881"},{"taxonomy":"post_tag","embeddable":true,"href":"https:\/\/edublog.educastur.es\/ixuxu\/wp-json\/wp\/v2\/tags?post=63881"}],"curies":[{"name":"wp","href":"https:\/\/api.w.org\/{rel}","templated":true}]}}