{"id":63893,"date":"2025-12-17T16:00:01","date_gmt":"2025-12-17T14:00:01","guid":{"rendered":"https:\/\/edublog.educastur.es\/ixuxu\/?p=63893"},"modified":"2025-12-18T22:29:06","modified_gmt":"2025-12-18T20:29:06","slug":"63893","status":"publish","type":"post","link":"https:\/\/edublog.educastur.es\/ixuxu\/2025\/12\/63893\/","title":{"rendered":"Aeropuertu: ruta directa Asturies\u2013\u00c1msterdam con KLM"},"content":{"rendered":"<div class=\"html-div xdj266r x14z9mp xat24cr x1lziwak xexx8yu x1a8lsjc xf7dkkf xv54qhq\">\n<div class=\"html-div xdj266r x14z9mp xat24cr x1lziwak xexx8yu xyri2b x18d9i69 x1c1uobl x1jx94hy x78zum5 x1q0g3np\">\n<div class=\"x78zum5 xdt5ytf xz62fqu x16ldp7u\">\n<div class=\"xu06os2 x1ok221b\">\n<div class=\"html-div xdj266r x14z9mp xat24cr x1lziwak xexx8yu xyri2b x18d9i69 x1c1uobl\" data-ad-rendering-role=\"profile_name\">\n<ul>\n<li class=\"html-h3 x14z9mp xat24cr x1lziwak xexx8yu xyri2b x18d9i69 x1c1uobl x1vvkbs x1heor9g x1qlqyl8 x1pd3egz x1a2a7pz x1gslohp x1yc453h\"><span class=\"x1lliihq x6ikm8r x10wlt62 x1n2onr6\"><span class=\"xt0psk2\"><a class=\"x1i10hfl xjbqb8w x1ejq31n x18oe1m7 x1sy0etr xstzfhl x972fbf x10w94by x1qhh985 x14e42zd x9f619 x1ypdohk xt0psk2 x3ct3a4 xdj266r x14z9mp xat24cr x1lziwak xexx8yu xyri2b x18d9i69 x1c1uobl x16tdsg8 x1hl2dhg xggy1nq x1a2a7pz xkrqix3 x1sur9pj xzsf02u x1s688f\" role=\"link\" href=\"https:\/\/www.facebook.com\/MovilidadAsturias?__cft__[0]=AZb3r-QNMYSdNIXOIgEEUQIZDwC35DlrCoueC8a_9aY25I8V2bWQeJsBcEnQW1B9zW4vnGBbCsOsoUxSMxudYM-SMAzx4oJLEBArTy5sT75d2m9ULVq7_p3MgQ82k_dBh2q0zOGy2T6sraI4FtGi7ms78GW2X-dKUn1zRZ-37bZv1NacCmImMWzteXedhFMfxGU_qm2eVPJEwzuCakSGn1A4&amp;__tn__=-UC%2CP-y-R\"><b class=\"html-b xdj266r x14z9mp xat24cr x1lziwak xexx8yu xyri2b x18d9i69 x1c1uobl x1hl2dhg x16tdsg8 x1vvkbs x1s688f\"><span class=\"html-span xdj266r x14z9mp xat24cr x1lziwak xexx8yu xyri2b x18d9i69 x1c1uobl x1hl2dhg x16tdsg8 x1vvkbs\">Consejer\u00eda de Movilidad, Medio Ambiente y Gesti\u00f3n de Emergencias<\/span><\/b><\/a><\/span><\/span><\/li>\n<\/ul>\n<p style=\"text-align: center\"><a href=\"https:\/\/pbs.twimg.com\/media\/G8XNoX9XYAUcBDC?format=jpg&amp;name=medium\"><img loading=\"lazy\" decoding=\"async\" class=\"aligncenter size-large\" src=\"https:\/\/pbs.twimg.com\/media\/G8XNoX9XYAUcBDC?format=jpg&amp;name=medium\" width=\"608\" height=\"1080\" \/><\/a><\/p>\n<div class=\"html-div xdj266r x14z9mp xat24cr x1lziwak xexx8yu x1a8lsjc xf7dkkf xv54qhq\">\n<div class=\"html-div xdj266r x14z9mp xat24cr x1lziwak xexx8yu xyri2b x18d9i69 x1c1uobl x1jx94hy x78zum5 x1q0g3np\">\n<div class=\"x78zum5 xdt5ytf xz62fqu x16ldp7u\">\n<div class=\"xu06os2 x1ok221b\">\n<div class=\"html-div xdj266r x14z9mp xat24cr x1lziwak xexx8yu xyri2b x18d9i69 x1c1uobl x6s0dn4 x17zd0t2 x78zum5 x1q0g3np x1a02dak\"><\/div>\n<\/div>\n<\/div>\n<\/div>\n<\/div>\n<div class=\"html-div xdj266r x14z9mp xat24cr x1lziwak xexx8yu xyri2b x18d9i69 x1c1uobl\" dir=\"auto\">\n<div class=\"html-div xdj266r x14z9mp xat24cr x1lziwak xexx8yu xyri2b x18d9i69 x1c1uobl\" dir=\"auto\">\n<div class=\"html-div xdj266r x14z9mp xat24cr x1lziwak xexx8yu xyri2b x18d9i69 x1c1uobl\" data-ad-rendering-role=\"story_message\">\n<div class=\"x1l90r2v x1iorvi4 x1g0dm76 xpdmqnj\" data-ad-comet-preview=\"message\" data-ad-preview=\"message\">\n<div class=\"x78zum5 xdt5ytf xz62fqu x16ldp7u\">\n<div class=\"xu06os2 x1ok221b\">\n<div class=\"html-div xdj266r x14z9mp xat24cr x1lziwak xexx8yu xyri2b x18d9i69 x1c1uobl\">\n<div class=\"xdj266r x14z9mp xat24cr x1lziwak x1vvkbs x126k92a\">\n<div dir=\"auto\">Welkom KLM! <span style=\"color: #008080\"><strong>\u00a1Asturies abre una nueva puerta al mundu!<\/strong><\/span> Dende&#8217;l 29 de marzu <span class=\"html-span xdj266r x14z9mp xat24cr x1lziwak xexx8yu xyri2b x18d9i69 x1c1uobl x1hl2dhg x16tdsg8 x1vvkbs\"><a class=\"x1i10hfl xjbqb8w x1ejq31n x18oe1m7 x1sy0etr xstzfhl x972fbf x10w94by x1qhh985 x14e42zd x9f619 x1ypdohk xt0psk2 x3ct3a4 xdj266r x14z9mp xat24cr x1lziwak xexx8yu xyri2b x18d9i69 x1c1uobl x16tdsg8 x1hl2dhg xggy1nq x1a2a7pz xkrqix3 x1sur9pj x1fey0fg x1s688f\" role=\"link\" href=\"https:\/\/www.facebook.com\/KLM?__cft__[0]=AZb3r-QNMYSdNIXOIgEEUQIZDwC35DlrCoueC8a_9aY25I8V2bWQeJsBcEnQW1B9zW4vnGBbCsOsoUxSMxudYM-SMAzx4oJLEBArTy5sT75d2m9ULVq7_p3MgQ82k_dBh2q0zOGy2T6sraI4FtGi7ms78GW2X-dKUn1zRZ-37bZv1NacCmImMWzteXedhFMfxGU_qm2eVPJEwzuCakSGn1A4&amp;__tn__=-]K-y-R\"><span class=\"xt0psk2\"><span class=\"xjp7ctv\">KLM Royal Dutch Airlines<\/span><\/span><\/a><\/span> va operar la ruta directa Asturies\u2013\u00c1msterdam con hasta un vuelu diariu. Una conex\u00f3n clave colos destinos internacionales de KLM y l&#8217;alianza SkyTeam. L&#8217;aeroll\u00ednea neerlandesa va realizar la ruta col so HUB n&#8217;\u00c1msterdam. Ye la primer compa\u00f1\u00eda a\u00e9rea en n\u00famberu d&#8217;aeropuertos en Gran Breta\u00f1a.<span class=\"html-span xexx8yu xyri2b x18d9i69 x1c1uobl x1hl2dhg x16tdsg8 x1vvkbs x3nfvp2 x1j61x8r x1fcty0u xdj266r xat24cr xm2jcoa x1mpyi22 xxymvpz xlup9mm x1kky2od\"><img loading=\"lazy\" decoding=\"async\" class=\"xz74otr x15mokao x1ga7v0g x16uus16 xbiv7yw\" src=\"https:\/\/static.xx.fbcdn.net\/images\/emoji.php\/v9\/t8e\/1\/16\/2139.png\" alt=\"\u2139\ufe0f\" width=\"16\" height=\"16\" \/><\/span> <span class=\"html-span xdj266r x14z9mp xat24cr x1lziwak xexx8yu xyri2b x18d9i69 x1c1uobl x1hl2dhg x16tdsg8 x1vvkbs\"><a class=\"x1i10hfl xjbqb8w x1ejq31n x18oe1m7 x1sy0etr xstzfhl x972fbf x10w94by x1qhh985 x14e42zd x9f619 x1ypdohk xt0psk2 x3ct3a4 xdj266r x14z9mp xat24cr x1lziwak xexx8yu xyri2b x18d9i69 x1c1uobl x16tdsg8 x1hl2dhg xggy1nq x1a2a7pz xkrqix3 x1sur9pj x1fey0fg x1s688f\" role=\"link\" href=\"https:\/\/news.klm.com\/klm-introduces-three-new-european-summer-destinations-jersey-santiago-de-compostela-and-oviedo\/?fbclid=IwZXh0bgNhZW0CMTAAYnJpZBExT3NaYjVIN0JNREZ0N2hsQnNydGMGYXBwX2lkEDIyMjAzOTE3ODgyMDA4OTIAAR5G-zwI2N8xsyDiGA88Ge2ZssY6ocxbss-EHFaXQiCVIVS7BJ6rm3ldqWWvRQ_aem_Kh6EBUk5U8u9MU7v_n7PzQ\" target=\"_blank\" rel=\"nofollow noopener noreferrer\">https:\/\/news.klm.com\/klm-introduces-three-new-european&#8230;\/<\/a><\/span>\/\u00a0<span class=\"html-span xdj266r x14z9mp xat24cr x1lziwak xexx8yu xyri2b x18d9i69 x1c1uobl x1hl2dhg x16tdsg8 x1vvkbs\"><a class=\"x1i10hfl xjbqb8w x1ejq31n x18oe1m7 x1sy0etr xstzfhl x972fbf x10w94by x1qhh985 x14e42zd x9f619 x1ypdohk xt0psk2 x3ct3a4 xdj266r x14z9mp xat24cr x1lziwak xexx8yu xyri2b x18d9i69 x1c1uobl x16tdsg8 x1hl2dhg xggy1nq x1a2a7pz xkrqix3 x1sur9pj x1fey0fg x1s688f\" role=\"link\" href=\"https:\/\/www.facebook.com\/hashtag\/asturiashiperconectada?__eep__=6&amp;__cft__[0]=AZb3r-QNMYSdNIXOIgEEUQIZDwC35DlrCoueC8a_9aY25I8V2bWQeJsBcEnQW1B9zW4vnGBbCsOsoUxSMxudYM-SMAzx4oJLEBArTy5sT75d2m9ULVq7_p3MgQ82k_dBh2q0zOGy2T6sraI4FtGi7ms78GW2X-dKUn1zRZ-37bZv1NacCmImMWzteXedhFMfxGU_qm2eVPJEwzuCakSGn1A4&amp;__tn__=*NK-y-R\">#AsturiasHiperconectada<\/a><\/span><\/div>\n<div dir=\"auto\"><!--more--><\/div>\n<\/div>\n<\/div>\n<\/div>\n<\/div>\n<\/div>\n<\/div>\n<\/div>\n<\/div>\n<p style=\"text-align: center\"><a href=\"https:\/\/empresaexterior.com\/upload\/images\/12_2025\/8944_kml.jpg\"><img loading=\"lazy\" decoding=\"async\" class=\"aligncenter size-large\" src=\"https:\/\/empresaexterior.com\/upload\/images\/12_2025\/8944_kml.jpg\" width=\"980\" height=\"551\" \/><\/a><\/p>\n<\/div>\n<\/div>\n<div class=\"xu06os2 x1ok221b\"><\/div>\n<\/div>\n<\/div>\n<\/div>\n<div class=\"html-div xdj266r x14z9mp xat24cr x1lziwak xexx8yu xyri2b x18d9i69 x1c1uobl\" dir=\"auto\">\n<div class=\"html-div xdj266r x14z9mp xat24cr x1lziwak xexx8yu xyri2b x18d9i69 x1c1uobl\" dir=\"auto\">\n<div class=\"html-div xdj266r x14z9mp xat24cr x1lziwak xexx8yu xyri2b x18d9i69 x1c1uobl\" data-ad-rendering-role=\"story_message\">\n<div class=\"x1l90r2v x1iorvi4 x1g0dm76 xpdmqnj\" data-ad-comet-preview=\"message\" data-ad-preview=\"message\">\n<div class=\"x78zum5 xdt5ytf xz62fqu x16ldp7u\">\n<div class=\"xu06os2 x1ok221b\">\n<div class=\"html-div xdj266r x14z9mp xat24cr x1lziwak xexx8yu xyri2b x18d9i69 x1c1uobl\">\n<div class=\"xdj266r x14z9mp xat24cr x1lziwak x1vvkbs x126k92a\">\n<div dir=\"auto\"><\/div>\n<div dir=\"auto\"><\/div>\n<\/div>\n<div dir=\"auto\">\n<p>KLM va inaugurar para la pr\u00f3xima temporada de branu de 2026 dos nueves rutes n&#8217;Espa\u00f1a que van xunir l&#8217;Aeropuertu d&#8217;Asturies y Santiago de Compostela con \u00c1msterdam.<\/p>\n<ul>\n<li>La ruta col aeropuertu asturianu va empezar el 29 de marzu.<\/li>\n<li>Los vuelos y\u00e1 t\u00e1n disponibles a la vienta dende este mesmu martes.<\/li>\n<li><em><span style=\"color: #008080\">Les frecuencies col aeropuertu d&#8217;Asturies van ser les siguientes:<\/span><\/em><\/li>\n<\/ul>\n<p><em><span style=\"color: #008080\">&#8211; Del 29 de marzu al 3 de xunetu: s\u00e1bados y domingos<\/span><\/em><\/p>\n<p><em><span style=\"color: #008080\">&#8211; Del 4 de xunetu al 30 d&#8217;agostu: diariu<\/span><\/em><\/p>\n<p><em><span style=\"color: #008080\">&#8211; Del 31 d&#8217;agostu al 24 d&#8217;ochobre: s\u00e1bados y domingos<\/span><\/em><\/p>\n<ul>\n<li>Dende Asturies l&#8217;avi\u00f3n va desapegar a les 16.50, con llegada envalorada a les 18.55 seg\u00fan la hora local.<\/li>\n<li>El regresu va ser a les 14.10 dende \u00c1msterdam, con aterrizaxe n&#8217;Asturies a les 16.20.<\/li>\n<li><span class=\"css-1jxf684 r-bcqeeo r-1ttztb7 r-qvutc0 r-poiln3\">2 selmanales: S\u00e1bados y Domingos (1 vuelu diariu en Xunetu y Agostu) <\/span><\/li>\n<li><img loading=\"lazy\" decoding=\"async\" class=\"r-4qtqp9 r-dflpy8 r-k4bwe5 r-1kpi4qh r-pp5qcn r-h9hxbl\" src=\"https:\/\/abs-0.twimg.com\/emoji\/v2\/svg\/2708.svg\" alt=\"\u2708\ufe0f\" width=\"32\" height=\"32\" \/><span class=\"css-1jxf684 r-bcqeeo r-1ttztb7 r-qvutc0 r-poiln3\">Embraer 190 de 100 asientos <\/span><span class=\"css-1jxf684 r-bcqeeo r-1ttztb7 r-qvutc0 r-poiln3\">AMS-OVD: <\/span><span class=\"r-18u37iz\"><a class=\"css-1jxf684 r-bcqeeo r-1ttztb7 r-qvutc0 r-poiln3 r-1loqt21\" role=\"link\" href=\"https:\/\/x.com\/Fly_AsturiasOVD\/status\/2001023315734036808?t=850\"><span class=\"css-1jxf684 r-bcqeeo r-1ttztb7 r-qvutc0 r-poiln3\"><span class=\"r-b88u0q\">14:10<\/span><\/span><\/a><\/span><span class=\"css-1jxf684 r-bcqeeo r-1ttztb7 r-qvutc0 r-poiln3\"> &#8211; <\/span><span class=\"r-18u37iz\"><a class=\"css-1jxf684 r-bcqeeo r-1ttztb7 r-qvutc0 r-poiln3 r-1loqt21\" role=\"link\" href=\"https:\/\/x.com\/Fly_AsturiasOVD\/status\/2001023315734036808?t=980\"><span class=\"css-1jxf684 r-bcqeeo r-1ttztb7 r-qvutc0 r-poiln3\"><span class=\"r-b88u0q\">16:20<\/span><\/span><\/a><\/span><span class=\"css-1jxf684 r-bcqeeo r-1ttztb7 r-qvutc0 r-poiln3\"> y OVD-AMS: <\/span><span class=\"r-18u37iz\"><a class=\"css-1jxf684 r-bcqeeo r-1ttztb7 r-qvutc0 r-poiln3 r-1loqt21\" role=\"link\" href=\"https:\/\/x.com\/Fly_AsturiasOVD\/status\/2001023315734036808?t=1010\"><span class=\"css-1jxf684 r-bcqeeo r-1ttztb7 r-qvutc0 r-poiln3\"><span class=\"r-b88u0q\">16:50<\/span><\/span><\/a><\/span><span class=\"css-1jxf684 r-bcqeeo r-1ttztb7 r-qvutc0 r-poiln3\"> &#8211; <\/span><span class=\"r-18u37iz\"><a class=\"css-1jxf684 r-bcqeeo r-1ttztb7 r-qvutc0 r-poiln3 r-1loqt21\" role=\"link\" href=\"https:\/\/x.com\/Fly_AsturiasOVD\/status\/2001023315734036808?t=1135\"><span class=\"css-1jxf684 r-bcqeeo r-1ttztb7 r-qvutc0 r-poiln3\"><span class=\"r-b88u0q\">18:55<\/span><\/span><\/a><\/span><span class=\"css-1jxf684 r-bcqeeo r-1ttztb7 r-qvutc0 r-poiln3\"> Vuelos ya a la venta! <\/span><span class=\"r-18u37iz\"><a class=\"css-1jxf684 r-bcqeeo r-1ttztb7 r-qvutc0 r-poiln3 r-1loqt21\" dir=\"ltr\" role=\"link\" href=\"https:\/\/x.com\/hashtag\/KLM?src=hashtag_click\">#KLM<\/a><\/span> <span class=\"r-18u37iz\"><a class=\"css-1jxf684 r-bcqeeo r-1ttztb7 r-qvutc0 r-poiln3 r-1loqt21\" dir=\"ltr\" role=\"link\" href=\"https:\/\/x.com\/hashtag\/FlyToAsturias?src=hashtag_click\">#FlyToAsturias<\/a><\/span> <span class=\"r-18u37iz\"><a class=\"css-1jxf684 r-bcqeeo r-1ttztb7 r-qvutc0 r-poiln3 r-1loqt21\" dir=\"ltr\" role=\"link\" href=\"https:\/\/x.com\/hashtag\/Amsterdam?src=hashtag_click\">#Amsterdam<\/a><\/span><\/li>\n<\/ul>\n<p style=\"text-align: center\"><a href=\"https:\/\/static.hosteltur.com\/app\/public\/uploads\/img\/articles\/2025\/12\/17\/L_114155_klm-unira-oviedo-y-santiago-de-compostela-con-amsterdam-el-proximo-ano.jpg\"><img loading=\"lazy\" decoding=\"async\" class=\"aligncenter size-large\" src=\"https:\/\/static.hosteltur.com\/app\/public\/uploads\/img\/articles\/2025\/12\/17\/L_114155_klm-unira-oviedo-y-santiago-de-compostela-con-amsterdam-el-proximo-ano.jpg\" width=\"500\" height=\"333\" \/><\/a><\/p>\n<\/div>\n<\/div>\n<\/div>\n<\/div>\n<\/div>\n<\/div>\n<\/div>\n<\/div>\n<p>&nbsp;<\/p>\n<p>&nbsp;<\/p>\n","protected":false},"excerpt":{"rendered":"<p>Consejer\u00eda de Movilidad, Medio Ambiente y Gesti\u00f3n de Emergencias Welkom KLM! \u00a1Asturies abre una nueva puerta al mundu! Dende&#8217;l 29 de marzu KLM Royal Dutch Airlines va operar la ruta directa Asturies\u2013\u00c1msterdam con hasta un vuelu diariu. Una conex\u00f3n clave colos destinos internacionales de KLM y l&#8217;alianza SkyTeam. L&#8217;aeroll\u00ednea neerlandesa va realizar la ruta col [&hellip;]<\/p>\n","protected":false},"author":117,"featured_media":0,"comment_status":"closed","ping_status":"closed","sticky":false,"template":"","format":"standard","meta":{"footnotes":""},"categories":[232],"tags":[],"class_list":["post-63893","post","type-post","status-publish","format-standard","hentry","category-tresportes"],"_links":{"self":[{"href":"https:\/\/edublog.educastur.es\/ixuxu\/wp-json\/wp\/v2\/posts\/63893","targetHints":{"allow":["GET"]}}],"collection":[{"href":"https:\/\/edublog.educastur.es\/ixuxu\/wp-json\/wp\/v2\/posts"}],"about":[{"href":"https:\/\/edublog.educastur.es\/ixuxu\/wp-json\/wp\/v2\/types\/post"}],"author":[{"embeddable":true,"href":"https:\/\/edublog.educastur.es\/ixuxu\/wp-json\/wp\/v2\/users\/117"}],"replies":[{"embeddable":true,"href":"https:\/\/edublog.educastur.es\/ixuxu\/wp-json\/wp\/v2\/comments?post=63893"}],"version-history":[{"count":6,"href":"https:\/\/edublog.educastur.es\/ixuxu\/wp-json\/wp\/v2\/posts\/63893\/revisions"}],"predecessor-version":[{"id":64014,"href":"https:\/\/edublog.educastur.es\/ixuxu\/wp-json\/wp\/v2\/posts\/63893\/revisions\/64014"}],"wp:attachment":[{"href":"https:\/\/edublog.educastur.es\/ixuxu\/wp-json\/wp\/v2\/media?parent=63893"}],"wp:term":[{"taxonomy":"category","embeddable":true,"href":"https:\/\/edublog.educastur.es\/ixuxu\/wp-json\/wp\/v2\/categories?post=63893"},{"taxonomy":"post_tag","embeddable":true,"href":"https:\/\/edublog.educastur.es\/ixuxu\/wp-json\/wp\/v2\/tags?post=63893"}],"curies":[{"name":"wp","href":"https:\/\/api.w.org\/{rel}","templated":true}]}}