{"id":63919,"date":"2025-12-17T20:52:18","date_gmt":"2025-12-17T18:52:18","guid":{"rendered":"https:\/\/edublog.educastur.es\/ixuxu\/?p=63919"},"modified":"2025-12-17T20:53:46","modified_gmt":"2025-12-17T18:53:46","slug":"la-metacognicion-yel-gps-incorporau-del-celebru","status":"publish","type":"post","link":"https:\/\/edublog.educastur.es\/ixuxu\/2025\/12\/la-metacognicion-yel-gps-incorporau-del-celebru\/","title":{"rendered":"La metacognici\u00f3n ye&#8217;l GPS incorpor\u00e1u del celebru"},"content":{"rendered":"<p style=\"text-align: center\"><a href=\"https:\/\/www.unir.net\/wp-content\/uploads\/2019\/10\/metacognit.webp\"><img loading=\"lazy\" decoding=\"async\" class=\"aligncenter size-large\" src=\"https:\/\/www.unir.net\/wp-content\/uploads\/2019\/10\/metacognit.webp\" width=\"661\" height=\"382\" \/><\/a><\/p>\n<p><span style=\"color: #008080\"><strong>La metacognici\u00f3n ye considerada la forma m\u00e1s alta d&#8217;intelixencia en neurociencia<\/strong> <\/span>porque<strong><span style=\"color: #008080\"> ye \u00abpensar en pensar\u00bb<\/span><\/strong>, arreyando l&#8217;autoconciencia y el control sobro los tos propios procesos de pensamientu, crucial pa l&#8217;adaptaci\u00f3n, l&#8217;aprendizaxe, la soluci\u00f3n de problemes y l&#8217;autu dominiu, diendo m\u00e1s all\u00e1 de nam\u00e1 conocer fechos pa optimizar c\u00f3mo uses la conocencia, de cutiu vencey\u00e1u a la corteza prefrontal. <strong><span style=\"color: #008080\">Ye&#8217;l GPS incorpor\u00e1u del celebru<\/span><\/strong>, emponiendo l&#8217;aprendizaxe, corrixendo erros y fomentando la resistencia, dexando una verdadera autorregulaci\u00f3n cognitiva.<\/p>\n<p><!--more--><\/p>\n<p style=\"text-align: center\">\n<!-- iframe plugin v.6.0 wordpress.org\/plugins\/iframe\/ -->\n<iframe loading=\"lazy\" src=\"https:\/\/www.facebook.com\/plugins\/post.php?href=https%3A%2F%2Fwww.facebook.com%2Fkevin.loaizaloaiza.1%2Fposts%2Fpfbid0G5h9Bq3wwrMfmJKcDfzEaXfCdm3hKdFfNLeah4AXDN8pEcY7XqNycBWCDri8axorl&#038;show_text=false&#038;width=500\" width=\"500\" height=\"497\" style=\"border:none;overflow:hidden\" scrolling=\"no\" frameborder=\"0\" allowfullscreen=\"true\" allow=\"autoplay; clipboard-write; encrypted-media; picture-in-picture; web-share\" 0=\"\/iframe\" class=\"iframe-class\"><\/iframe>\n<\/p>\n<p><a href=\"https:\/\/investigaciondocente.com\/wp-content\/uploads\/2024\/03\/gizpfvlxqaafs-0.jpeg\"><img loading=\"lazy\" decoding=\"async\" class=\"aligncenter \" src=\"https:\/\/investigaciondocente.com\/wp-content\/uploads\/2024\/03\/gizpfvlxqaafs-0.jpeg\" width=\"908\" height=\"681\" \/><\/a><\/p>\n<p>Ente les munches caracter\u00edstiques d&#8217;esta habilid\u00e1 que sirven pa definila, su\u00e9lense comentar les siguientes:<\/p>\n<p><span style=\"color: #008080;font-size: 20px\"><em>-Supon cavilgar sobro&#8217;l mesmu aprendizaxe.<\/em><\/span><\/p>\n<p><span style=\"color: #008080;font-size: 20px\"><em>-Ye pensar sobro&#8217;l pensamientu.<\/em><\/span><\/p>\n<p><span style=\"color: #008080;font-size: 20px\"><em>-Ye trespasar l&#8217;aprendizaxe memor\u00edsticu y buscar la comprensi\u00f3n.<\/em><\/span><\/p>\n<p><span style=\"color: #008080;font-size: 20px\"><em>-Ye aprender a aprender y aprender a pensar.<\/em><\/span><\/p>\n<p><span style=\"color: #008080;font-size: 20px\"><em>-Supon ser consciente de los tos propios procesos d&#8217;aprendizaxe.<\/em><\/span><\/p>\n<p style=\"text-align: center\"><a href=\"https:\/\/cedec.intef.es\/wp-content\/uploads\/2024\/04\/beneficios_metacognicion-1536x1086.png\"><img loading=\"lazy\" decoding=\"async\" class=\"aligncenter size-large\" src=\"https:\/\/cedec.intef.es\/wp-content\/uploads\/2024\/04\/beneficios_metacognicion-1536x1086.png\" width=\"1536\" height=\"1086\" \/><\/a><\/p>\n","protected":false},"excerpt":{"rendered":"<p>La metacognici\u00f3n ye considerada la forma m\u00e1s alta d&#8217;intelixencia en neurociencia porque ye \u00abpensar en pensar\u00bb, arreyando l&#8217;autoconciencia y el control sobro los tos propios procesos de pensamientu, crucial pa l&#8217;adaptaci\u00f3n, l&#8217;aprendizaxe, la soluci\u00f3n de problemes y l&#8217;autu dominiu, diendo m\u00e1s all\u00e1 de nam\u00e1 conocer fechos pa optimizar c\u00f3mo uses la conocencia, de cutiu vencey\u00e1u [&hellip;]<\/p>\n","protected":false},"author":117,"featured_media":0,"comment_status":"closed","ping_status":"closed","sticky":false,"template":"","format":"standard","meta":{"footnotes":""},"categories":[1],"tags":[],"class_list":["post-63919","post","type-post","status-publish","format-standard","hentry","category-sin-categoria"],"_links":{"self":[{"href":"https:\/\/edublog.educastur.es\/ixuxu\/wp-json\/wp\/v2\/posts\/63919","targetHints":{"allow":["GET"]}}],"collection":[{"href":"https:\/\/edublog.educastur.es\/ixuxu\/wp-json\/wp\/v2\/posts"}],"about":[{"href":"https:\/\/edublog.educastur.es\/ixuxu\/wp-json\/wp\/v2\/types\/post"}],"author":[{"embeddable":true,"href":"https:\/\/edublog.educastur.es\/ixuxu\/wp-json\/wp\/v2\/users\/117"}],"replies":[{"embeddable":true,"href":"https:\/\/edublog.educastur.es\/ixuxu\/wp-json\/wp\/v2\/comments?post=63919"}],"version-history":[{"count":3,"href":"https:\/\/edublog.educastur.es\/ixuxu\/wp-json\/wp\/v2\/posts\/63919\/revisions"}],"predecessor-version":[{"id":63922,"href":"https:\/\/edublog.educastur.es\/ixuxu\/wp-json\/wp\/v2\/posts\/63919\/revisions\/63922"}],"wp:attachment":[{"href":"https:\/\/edublog.educastur.es\/ixuxu\/wp-json\/wp\/v2\/media?parent=63919"}],"wp:term":[{"taxonomy":"category","embeddable":true,"href":"https:\/\/edublog.educastur.es\/ixuxu\/wp-json\/wp\/v2\/categories?post=63919"},{"taxonomy":"post_tag","embeddable":true,"href":"https:\/\/edublog.educastur.es\/ixuxu\/wp-json\/wp\/v2\/tags?post=63919"}],"curies":[{"name":"wp","href":"https:\/\/api.w.org\/{rel}","templated":true}]}}