{"id":63937,"date":"2025-12-18T08:30:11","date_gmt":"2025-12-18T06:30:11","guid":{"rendered":"https:\/\/edublog.educastur.es\/ixuxu\/?p=63937"},"modified":"2025-12-18T14:07:41","modified_gmt":"2025-12-18T12:07:41","slug":"el-tiempu-el-comercio-214","status":"publish","type":"post","link":"https:\/\/edublog.educastur.es\/ixuxu\/2025\/12\/el-tiempu-el-comercio-214\/","title":{"rendered":"El tiempu (EL Comercio)"},"content":{"rendered":"<p style=\"text-align: center\"><a href=\"https:\/\/s1.ppllstatics.com\/elcomercio\/www\/multimedia\/2025\/12\/17\/tiempo-asturias-jueves-18-diciembre-kS5E-U2302588077118HVD-1200x870@El%20Comercio.jpg\"><img loading=\"lazy\" decoding=\"async\" class=\"aligncenter size-large\" src=\"https:\/\/s1.ppllstatics.com\/elcomercio\/www\/multimedia\/2025\/12\/17\/tiempo-asturias-jueves-18-diciembre-kS5E-U2302588077118HVD-1200x870@El%20Comercio.jpg\" width=\"1200\" height=\"868\" \/><\/a><\/p>\n<p>Esperamos un d\u00eda marc\u00e1u polos <strong>vientos<\/strong> de componente sur que van soplar dende primer hora del d\u00eda. Les raches van ser moderaes pero tami\u00e9n van poder rexistrase raches localmente fuertes especialmente nel cordal mientres les hores centrales de la xornada. Gracies a estos vientos de sur les temperatures van xubir tantu nel casu de les m\u00e1ximes como, especialmente, el de les m\u00ednimes. Les diurnes van esperimentar un ascensu llixeru, pudiendo ser moder\u00e1u na mari\u00f1a. Les m\u00ednimes van xubir de forma xeneralizada y notablemente cuidao que se preve que s\u00edan hasta 6 \u00baC m\u00e1s altes que les anotaes del mi\u00e9rcoles.<\/p>\n<p><!--more--><\/p>\n<p>En cuanto al est\u00e1u de los cielos, la ma\u00f1ana va presentase soleyera, pero a lo llargo de la tarde van aumentar les nubes l&#8217;oeste y van dise estendiendo a otros puntos de la rex\u00f3n. Esta nubosid\u00e1 va dexar precipitaciones nel occidente y nel cordal, ensin refugase que puedan escapase delles ag\u00fces na zona central. Per otru llau, va tar activ\u00e1u l&#8217;avisu meteorol\u00f3xicu na mari\u00f1a por foles. De 9 a 12 hores del mediud\u00eda l&#8217;avisu va ser mariellu por foles d&#8217;hasta 4 o 5 metros d&#8217;altor, y a partir de mediud\u00eda y hasta el final de la xornada, l&#8217;avisu va ser de nivel naranxa por foles d&#8217;hasta 6 metros d&#8217;altor.<\/p>\n<div dir=\"auto\" style=\"text-align: center\">\n<!-- iframe plugin v.6.0 wordpress.org\/plugins\/iframe\/ -->\n<iframe loading=\"lazy\" src=\"https:\/\/www.facebook.com\/plugins\/video.php?height=314&#038;href=https%3A%2F%2Fwww.facebook.com%2Freel%2F1669245477245204%2F&#038;show_text=false&#038;width=560&#038;t=0\" width=\"560\" height=\"314\" style=\"border:none;overflow:hidden\" scrolling=\"no\" frameborder=\"0\" allowfullscreen=\"true\" allow=\"autoplay; clipboard-write; encrypted-media; picture-in-picture; web-share\" 0=\"\/iframe\" class=\"iframe-class\"><\/iframe>\n<\/div>\n<div dir=\"auto\"><\/div>\n<div dir=\"auto\">Camb\u00e9u de tiempu nes pr\u00f3ximes hores Un frente va dexar ag\u00fces dende les 20:00\u201321:00 y nieve a partir de 1.300 m. Les precipitaciones van dir unviando mientres la tarde del vienres <span class=\"html-span xdj266r x14z9mp xat24cr x1lziwak xexx8yu xyri2b x18d9i69 x1c1uobl x1hl2dhg x16tdsg8 x1vvkbs\"><a class=\"x1i10hfl xjbqb8w x1ejq31n x18oe1m7 x1sy0etr xstzfhl x972fbf x10w94by x1qhh985 x14e42zd x9f619 x1ypdohk xt0psk2 x3ct3a4 xdj266r x14z9mp xat24cr x1lziwak xexx8yu xyri2b x18d9i69 x1c1uobl x16tdsg8 x1hl2dhg xggy1nq x1a2a7pz xkrqix3 x1sur9pj x1fey0fg x1s688f\" role=\"link\" href=\"https:\/\/www.facebook.com\/hashtag\/eltiempotpa?__eep__=6&amp;__cft__[0]=AZaHlhI01jCnbC4iJXYLpH_fWMY5MU9CCKA6leVH3WnV1aZnQkjru0tDGBHHNAOu4YKyc9gfpDuT5aN8YdGH98BL10KnuE7hOI2HyWes1h8-GJG2NmIwVqGbDf6LUXMWHSSaGs-tE5Xv5jv9xDQK8Yw_oTiK4vhepSfLcFrqPP9IA8Ot1Tr79UeS3MyaksNjQVjbXCSI3Mo7Pl8XfqBQHAi2&amp;__tn__=*NK-R\">#EltiempoTPA<\/a><\/span><\/div>\n<div dir=\"auto\"><span class=\"html-span xexx8yu xyri2b x18d9i69 x1c1uobl x1hl2dhg x16tdsg8 x1vvkbs x3nfvp2 x1j61x8r x1fcty0u xdj266r xat24cr xm2jcoa x1mpyi22 xxymvpz xlup9mm x1kky2od\"><img loading=\"lazy\" decoding=\"async\" class=\"xz74otr x15mokao x1ga7v0g x16uus16 xbiv7yw\" src=\"https:\/\/static.xx.fbcdn.net\/images\/emoji.php\/v9\/t51\/1\/16\/1f449.png\" alt=\"\ud83d\udc49\" width=\"16\" height=\"16\" \/><\/span>M\u00e1s info: <span class=\"html-span xdj266r x14z9mp xat24cr x1lziwak xexx8yu xyri2b x18d9i69 x1c1uobl x1hl2dhg x16tdsg8 x1vvkbs\"><a class=\"x1i10hfl xjbqb8w x1ejq31n x18oe1m7 x1sy0etr xstzfhl x972fbf x10w94by x1qhh985 x14e42zd x9f619 x1ypdohk xt0psk2 x3ct3a4 xdj266r x14z9mp xat24cr x1lziwak xexx8yu xyri2b x18d9i69 x1c1uobl x16tdsg8 x1hl2dhg xggy1nq x1a2a7pz xkrqix3 x1sur9pj x1fey0fg x1s688f\" role=\"link\" href=\"https:\/\/f.mtr.cool\/rltkfbpqvw?fbclid=IwZXh0bgNhZW0CMTAAYnJpZBEwZmRaNVBNS0t3VUJpZTJKYnNydGMGYXBwX2lkEDIyMjAzOTE3ODgyMDA4OTIAAR7Qt0yNyjKWpTxUMPZ8EmqHph5NX3TNNgaA9cHZIypl-NlWW9bY6z2KDSG3jQ_aem_xMvu6-AEF0sm7XfgZ_Vbgw\" target=\"_blank\" rel=\"nofollow noopener noreferrer\">https:\/\/f.mtr.cool\/rltkfbpqvw<\/a><\/span><\/div>\n","protected":false},"excerpt":{"rendered":"<p>Esperamos un d\u00eda marc\u00e1u polos vientos de componente sur que van soplar dende primer hora del d\u00eda. Les raches van ser moderaes pero tami\u00e9n van poder rexistrase raches localmente fuertes especialmente nel cordal mientres les hores centrales de la xornada. Gracies a estos vientos de sur les temperatures van xubir tantu nel casu de les [&hellip;]<\/p>\n","protected":false},"author":117,"featured_media":0,"comment_status":"closed","ping_status":"closed","sticky":false,"template":"","format":"standard","meta":{"footnotes":""},"categories":[1],"tags":[],"class_list":["post-63937","post","type-post","status-publish","format-standard","hentry","category-sin-categoria"],"_links":{"self":[{"href":"https:\/\/edublog.educastur.es\/ixuxu\/wp-json\/wp\/v2\/posts\/63937","targetHints":{"allow":["GET"]}}],"collection":[{"href":"https:\/\/edublog.educastur.es\/ixuxu\/wp-json\/wp\/v2\/posts"}],"about":[{"href":"https:\/\/edublog.educastur.es\/ixuxu\/wp-json\/wp\/v2\/types\/post"}],"author":[{"embeddable":true,"href":"https:\/\/edublog.educastur.es\/ixuxu\/wp-json\/wp\/v2\/users\/117"}],"replies":[{"embeddable":true,"href":"https:\/\/edublog.educastur.es\/ixuxu\/wp-json\/wp\/v2\/comments?post=63937"}],"version-history":[{"count":2,"href":"https:\/\/edublog.educastur.es\/ixuxu\/wp-json\/wp\/v2\/posts\/63937\/revisions"}],"predecessor-version":[{"id":63977,"href":"https:\/\/edublog.educastur.es\/ixuxu\/wp-json\/wp\/v2\/posts\/63937\/revisions\/63977"}],"wp:attachment":[{"href":"https:\/\/edublog.educastur.es\/ixuxu\/wp-json\/wp\/v2\/media?parent=63937"}],"wp:term":[{"taxonomy":"category","embeddable":true,"href":"https:\/\/edublog.educastur.es\/ixuxu\/wp-json\/wp\/v2\/categories?post=63937"},{"taxonomy":"post_tag","embeddable":true,"href":"https:\/\/edublog.educastur.es\/ixuxu\/wp-json\/wp\/v2\/tags?post=63937"}],"curies":[{"name":"wp","href":"https:\/\/api.w.org\/{rel}","templated":true}]}}