{"id":63944,"date":"2025-12-18T08:50:42","date_gmt":"2025-12-18T06:50:42","guid":{"rendered":"https:\/\/edublog.educastur.es\/ixuxu\/?p=63944"},"modified":"2025-12-18T12:55:22","modified_gmt":"2025-12-18T10:55:22","slug":"tiempu-friu-y-lluviosu-nasturies","status":"publish","type":"post","link":"https:\/\/edublog.educastur.es\/ixuxu\/2025\/12\/tiempu-friu-y-lluviosu-nasturies\/","title":{"rendered":"Tiempu fr\u00edu y lluviosu n&#8217;Asturies"},"content":{"rendered":"<p style=\"text-align: center\"><a href=\"https:\/\/www.meteovigo.es\/wp-content\/uploads\/2025\/12\/portatemporal-1371x800.jpg\"><img loading=\"lazy\" decoding=\"async\" class=\"aligncenter size-large\" src=\"https:\/\/www.meteovigo.es\/wp-content\/uploads\/2025\/12\/portatemporal-1371x800.jpg\" width=\"1371\" height=\"800\" \/><\/a><\/p>\n<p>Asina van descargar les nueves ag\u00fces \u2614\u200b y nevaes \u2744\ufe0f\u200b sobro Espa\u00f1a seg\u00fan el modelu alem\u00e1n (ICON). La depresi\u00f3n que tamos siguiendo pa finales de selmana va llegar cargada d&#8217;inestabilid\u00e1 y mases d&#8217;orixe mar\u00edtimu polar.<\/p>\n<p><!--more--><\/p>\n<p>Los modelos meteorol\u00f3xicos t\u00e1n actualizando esta tarde, confirmando xuna nueva pulsaci\u00f3n d&#8217;inestabilid\u00e1 importante sobre Espa\u00f1a que va llegar a finales d&#8217;esta selmana. Va llegar de la mano d&#8217;una entrada mar\u00edtimu polar con mases d&#8217;aire m\u00e1s fr\u00edu que van dexar, am\u00e1s d&#8217;ag\u00fces abondoses, nevaes bayuroses.<\/p>\n<p style=\"text-align: center\"><a href=\"https:\/\/services.meteored.com\/img\/article\/ultima-hora-sobre-la-nevada-del-domingo-en-espana-nuestros-mapas-preven-nieve-en-estas-x-comunidades-1765980544843.jpeg\"><img loading=\"lazy\" decoding=\"async\" class=\"aligncenter size-large\" src=\"https:\/\/services.meteored.com\/img\/article\/ultima-hora-sobre-la-nevada-del-domingo-en-espana-nuestros-mapas-preven-nieve-en-estas-x-comunidades-1765980544843.jpeg\" width=\"964\" height=\"678\" \/><\/a><\/p>\n<p>Van ser delles les comunidaes que&#8217;l domingu espertar\u00e1n con un ambiente fr\u00edo, como n&#8217;<strong>Asturies<\/strong>, Galicia, Castiella y Lli\u00f3n, Arag\u00f3n y Castiella &#8211; La Mancha, pasando m\u00e1s fr\u00edu aquelles rexones alcontraes al noroeste peninsular, coincidiendo cola entrada de la masa d&#8217;aire fr\u00edo dende l&#8217;Atl\u00e1nticu.<\/p>\n<p style=\"text-align: center\"><a href=\"https:\/\/services.meteored.com\/img\/article\/ultima-hora-sobre-la-nevada-del-domingo-en-espana-nuestros-mapas-preven-nieve-en-estas-x-comunidades-1765980636438.png\"><img loading=\"lazy\" decoding=\"async\" class=\"aligncenter size-large\" src=\"https:\/\/services.meteored.com\/img\/article\/ultima-hora-sobre-la-nevada-del-domingo-en-espana-nuestros-mapas-preven-nieve-en-estas-x-comunidades-1765980636438.png\" width=\"964\" height=\"672\" \/><\/a><\/p>\n<p>Nestes 6 comunidaes van cayer m\u00e1s de 50 l\/m2 hasta&#8217;l domingu, seg\u00fan el modelu europ\u00e9u.<\/p>\n<p style=\"text-align: center\"><a href=\"https:\/\/services.meteored.com\/img\/video\/preview\/dailymotion-x9vvqw0_1024.jpg\"><img loading=\"lazy\" decoding=\"async\" class=\"aligncenter size-large\" src=\"https:\/\/services.meteored.com\/img\/video\/preview\/dailymotion-x9vvqw0_1024.jpg\" width=\"1024\" height=\"576\" \/><\/a><\/p>\n<p>L&#8217;iviernu astron\u00f3micu llega esti domingu con nevaes, ag\u00fces y un descensu acus\u00e1u de les temperatures. <strong>L&#8217;iviernu astron\u00f3micu, qu&#8217;empieza&#8217;l domingu 21 d&#8217;avientu<\/strong>, va llegar con un \u00abambiente dafechu ivernizo\u00bb, seg\u00fan el voceru de l&#8217;Axencia Estatal de Meteorolox\u00eda (Aemet) Rub\u00e9n del Campo; esp\u00e9rense ag\u00fces, descensu de les temperatures y nevaes nel norte peninsular, que podr\u00eden algamar tami\u00e9n cotes baxes como&#8217;l pandu, a\u00f1edi\u00f3.<\/p>\n<p style=\"text-align: center\"><a href=\"https:\/\/services.meteored.com\/img\/article\/ultima-hora-sobre-la-nevada-del-domingo-en-espana-nuestros-mapas-preven-nieve-en-estas-x-comunidades-1765973871071.png\"><img loading=\"lazy\" decoding=\"async\" class=\"aligncenter size-large\" src=\"https:\/\/services.meteored.com\/img\/article\/ultima-hora-sobre-la-nevada-del-domingo-en-espana-nuestros-mapas-preven-nieve-en-estas-x-comunidades-1765973871071.png\" width=\"964\" height=\"672\" \/><\/a><\/p>\n<p style=\"text-align: center\">No que queda de selmana van llegar nuevos frentes con m\u00e1s ag\u00fces y nieve.<\/p>\n<p style=\"text-align: center\"><a href=\"https:\/\/services.meteored.com\/img\/article\/en-estas-6-comunidades-caeran-mas-de-50-l-m2-hasta-el-domingo-segun-el-modelo-europeo-1765972951919_1024.png\"><img loading=\"lazy\" decoding=\"async\" class=\"aligncenter size-large\" src=\"https:\/\/services.meteored.com\/img\/article\/en-estas-6-comunidades-caeran-mas-de-50-l-m2-hasta-el-domingo-segun-el-modelo-europeo-1765972951919_1024.png\" width=\"1024\" height=\"714\" \/><\/a><\/p>\n<p>Mientres la fin de selmana van llegar dellos frentes acomu\u00f1aos a una baxa asitiada sobro les isles brit\u00e1niques, y que volver\u00e1n dexar precipitaciones n&#8217;amplies zones del pa\u00eds. Van Entrar pol noroeste peninsular y va dar llugar a una fin de selmana marcada pola inestabilid\u00e1, con ag\u00fces que van afectar primero a Galicia y al Cant\u00e1bricu y que se van dir estendiendo al interior, al norte y a zones del centru, siendo m\u00e1s persistentes nel noroeste y n&#8217;\u00e1rees de monte.<\/p>\n<p style=\"text-align: center\"><a href=\"https:\/\/services.meteored.com\/img\/article\/en-estas-5-comunidades-caeran-mas-de-50-l-m2-hasta-el-domingo-segun-el-modelo-europeo-1765972492619_1024.png\"><img loading=\"lazy\" decoding=\"async\" class=\"aligncenter size-large\" src=\"https:\/\/services.meteored.com\/img\/article\/en-estas-5-comunidades-caeran-mas-de-50-l-m2-hasta-el-domingo-segun-el-modelo-europeo-1765972492619_1024.png\" width=\"1024\" height=\"714\" \/><\/a><\/p>\n<p>Al pasu de los sistemes fronteros el vientu de componente oeste y noroeste arreciar\u00e1. Am\u00e1s, la entrada d&#8217;aire m\u00e1s fr\u00edo en niveles altos va favorecer un ambiente m\u00e1s ivernizo, con nevaes en zones de monte y una sensaci\u00f3n t\u00e9rmica m\u00e1s baxa. De resultes, va producise un descensu xeneraliz\u00e1u de les temperatures, m\u00e1s acus\u00e1u nes m\u00e1ximes.<\/p>\n","protected":false},"excerpt":{"rendered":"<p>Asina van descargar les nueves ag\u00fces \u2614\u200b y nevaes \u2744\ufe0f\u200b sobro Espa\u00f1a seg\u00fan el modelu alem\u00e1n (ICON). La depresi\u00f3n que tamos siguiendo pa finales de selmana va llegar cargada d&#8217;inestabilid\u00e1 y mases d&#8217;orixe mar\u00edtimu polar.<\/p>\n","protected":false},"author":117,"featured_media":0,"comment_status":"closed","ping_status":"closed","sticky":false,"template":"","format":"standard","meta":{"footnotes":""},"categories":[5],"tags":[],"class_list":["post-63944","post","type-post","status-publish","format-standard","hentry","category-tiempu"],"_links":{"self":[{"href":"https:\/\/edublog.educastur.es\/ixuxu\/wp-json\/wp\/v2\/posts\/63944","targetHints":{"allow":["GET"]}}],"collection":[{"href":"https:\/\/edublog.educastur.es\/ixuxu\/wp-json\/wp\/v2\/posts"}],"about":[{"href":"https:\/\/edublog.educastur.es\/ixuxu\/wp-json\/wp\/v2\/types\/post"}],"author":[{"embeddable":true,"href":"https:\/\/edublog.educastur.es\/ixuxu\/wp-json\/wp\/v2\/users\/117"}],"replies":[{"embeddable":true,"href":"https:\/\/edublog.educastur.es\/ixuxu\/wp-json\/wp\/v2\/comments?post=63944"}],"version-history":[{"count":5,"href":"https:\/\/edublog.educastur.es\/ixuxu\/wp-json\/wp\/v2\/posts\/63944\/revisions"}],"predecessor-version":[{"id":63954,"href":"https:\/\/edublog.educastur.es\/ixuxu\/wp-json\/wp\/v2\/posts\/63944\/revisions\/63954"}],"wp:attachment":[{"href":"https:\/\/edublog.educastur.es\/ixuxu\/wp-json\/wp\/v2\/media?parent=63944"}],"wp:term":[{"taxonomy":"category","embeddable":true,"href":"https:\/\/edublog.educastur.es\/ixuxu\/wp-json\/wp\/v2\/categories?post=63944"},{"taxonomy":"post_tag","embeddable":true,"href":"https:\/\/edublog.educastur.es\/ixuxu\/wp-json\/wp\/v2\/tags?post=63944"}],"curies":[{"name":"wp","href":"https:\/\/api.w.org\/{rel}","templated":true}]}}