{"id":63949,"date":"2025-12-18T08:50:09","date_gmt":"2025-12-18T06:50:09","guid":{"rendered":"https:\/\/edublog.educastur.es\/ixuxu\/?p=63949"},"modified":"2025-12-18T22:47:50","modified_gmt":"2025-12-18T20:47:50","slug":"laemet-preve-un-iviernu-mas-templau-de-lo-normal-nespana","status":"publish","type":"post","link":"https:\/\/edublog.educastur.es\/ixuxu\/2025\/12\/laemet-preve-un-iviernu-mas-templau-de-lo-normal-nespana\/","title":{"rendered":"L&#8217;AEMET preve un iviernu m\u00e1s templ\u00e1u de lo normal n&#8217;Espa\u00f1a"},"content":{"rendered":"<p>L&#8217;AEMET preve un iviernu m\u00e1s templ\u00e1u de lo normal n&#8217;Espa\u00f1a y agora que 2025 va cerrar ente los 4 a\u00f1os m\u00e1s calorosos de la hestoria. Les previsiones asitien al iviernu meteorol\u00f3xicu, que s&#8217;esparder\u00e1 dende&#8217;l 21 d\u2019avientu vinente hasta&#8217;l 30 de marzu de 2026, con un 60 por cientu de probabilidaes de que se rexistren temperatures penriba de les que se consideren normales pa esta estaci\u00f3n.<\/p>\n<p style=\"text-align: center\"><a href=\"https:\/\/imagenes.20minutos.es\/files\/image_1280_720\/uploads\/imagenes\/2025\/08\/16\/68a0c5da18cd4.jpeg\"><img loading=\"lazy\" decoding=\"async\" class=\"aligncenter size-large\" src=\"https:\/\/imagenes.20minutos.es\/files\/image_1280_720\/uploads\/imagenes\/2025\/08\/16\/68a0c5da18cd4.jpeg\" width=\"1280\" height=\"720\" \/><\/a><\/p>\n<p>Ye \u00abaltamente probable\u00bb que l&#8217;a\u00f1u 2025 presente al so fin un calter \u00abdesaxeradamente templ\u00e1u\u00bb n&#8217;Espa\u00f1a y que s\u00eda unu de los cuatro con temperatura medio m\u00e1s alta de la serie hist\u00f3rica (1961), seg\u00fan la meyora provisional qu&#8217;ufiert\u00f3 esti martes l&#8217;Axencia Estatal de Meteorolox\u00eda (Aemet). \u00abEncadenar\u00edamos cuatro a\u00f1os desaxeradamente templaos y, polos datos que remanamos, 2025 probablemente s\u00eda&#8217;l terceru o&#8217;l cuartu de la serie\u00bb.<\/p>\n<p>Pela so parte, la seronda d&#8217;esti 2025, que meteorol\u00f3xicamente abarca dende&#8217;l 1 de setiembre al 30 de payares, foi bien templ\u00e1u y secu, con una temperatura medio de 15,4 graos, un grau percima del promediu del periodu de referencia 1991-2020.<\/p>\n","protected":false},"excerpt":{"rendered":"<p>L&#8217;AEMET preve un iviernu m\u00e1s templ\u00e1u de lo normal n&#8217;Espa\u00f1a y agora que 2025 va cerrar ente los 4 a\u00f1os m\u00e1s calorosos de la hestoria. Les previsiones asitien al iviernu meteorol\u00f3xicu, que s&#8217;esparder\u00e1 dende&#8217;l 21 d\u2019avientu vinente hasta&#8217;l 30 de marzu de 2026, con un 60 por cientu de probabilidaes de que se rexistren temperatures [&hellip;]<\/p>\n","protected":false},"author":117,"featured_media":0,"comment_status":"closed","ping_status":"closed","sticky":false,"template":"","format":"standard","meta":{"footnotes":""},"categories":[5],"tags":[],"class_list":["post-63949","post","type-post","status-publish","format-standard","hentry","category-tiempu"],"_links":{"self":[{"href":"https:\/\/edublog.educastur.es\/ixuxu\/wp-json\/wp\/v2\/posts\/63949","targetHints":{"allow":["GET"]}}],"collection":[{"href":"https:\/\/edublog.educastur.es\/ixuxu\/wp-json\/wp\/v2\/posts"}],"about":[{"href":"https:\/\/edublog.educastur.es\/ixuxu\/wp-json\/wp\/v2\/types\/post"}],"author":[{"embeddable":true,"href":"https:\/\/edublog.educastur.es\/ixuxu\/wp-json\/wp\/v2\/users\/117"}],"replies":[{"embeddable":true,"href":"https:\/\/edublog.educastur.es\/ixuxu\/wp-json\/wp\/v2\/comments?post=63949"}],"version-history":[{"count":3,"href":"https:\/\/edublog.educastur.es\/ixuxu\/wp-json\/wp\/v2\/posts\/63949\/revisions"}],"predecessor-version":[{"id":64026,"href":"https:\/\/edublog.educastur.es\/ixuxu\/wp-json\/wp\/v2\/posts\/63949\/revisions\/64026"}],"wp:attachment":[{"href":"https:\/\/edublog.educastur.es\/ixuxu\/wp-json\/wp\/v2\/media?parent=63949"}],"wp:term":[{"taxonomy":"category","embeddable":true,"href":"https:\/\/edublog.educastur.es\/ixuxu\/wp-json\/wp\/v2\/categories?post=63949"},{"taxonomy":"post_tag","embeddable":true,"href":"https:\/\/edublog.educastur.es\/ixuxu\/wp-json\/wp\/v2\/tags?post=63949"}],"curies":[{"name":"wp","href":"https:\/\/api.w.org\/{rel}","templated":true}]}}