{"id":63988,"date":"2025-12-18T20:00:24","date_gmt":"2025-12-18T18:00:24","guid":{"rendered":"https:\/\/edublog.educastur.es\/ixuxu\/?p=63988"},"modified":"2025-12-18T22:30:29","modified_gmt":"2025-12-18T20:30:29","slug":"lasociacion-cultural-mazcaritos-duvieu-bic-del-principau","status":"publish","type":"post","link":"https:\/\/edublog.educastur.es\/ixuxu\/2025\/12\/lasociacion-cultural-mazcaritos-duvieu-bic-del-principau\/","title":{"rendered":"L&#8217;Asociacion Cultural Mazcaritos d&#8217;Uvi\u00e9u, BIC del Princip\u00e1u"},"content":{"rendered":"<p style=\"text-align: center\"><em><span class=\"x193iq5w xeuugli x13faqbe x1vvkbs xt0psk2 x1i0vuye xvs91rp xo1l8bm x5n08af x10wh9bi xpm28yp x8viiok x1o7cslx x126k92a\"><span class=\"html-span xexx8yu x4uap5 x18d9i69 xkhd6sd x1hl2dhg x16tdsg8 x1vvkbs x3nfvp2 x1j61x8r x1fcty0u xdj266r xat24cr xgzva0m xhhsvwb xxymvpz xlup9mm x1kky2od\">\n<!-- iframe plugin v.6.0 wordpress.org\/plugins\/iframe\/ -->\n<iframe loading=\"lazy\" src=\"https:\/\/www.instagram.com\/p\/CF-SUOzh7BJ\/embed\" width=\"460\" height=\"600\" 0=\"\/iframe\" scrolling=\"yes\" class=\"iframe-class\" frameborder=\"0\"><\/iframe>\n<\/span><\/span><\/em><\/p>\n<p><span class=\"x193iq5w xeuugli x13faqbe x1vvkbs x1xmvt09 x1lliihq x1s928wv xhkezso x1gmr53x x1cpjm7i x1fgarty x1943h6x xudqn12 x3x7a5m x1f6kntn xvq8zen xo1l8bm xzsf02u x1yc453h\" dir=\"auto\"><span class=\"_ap3a _aaco _aacu _aacx _aad7 _aade\" dir=\"auto\">Los MAZCARITOS D&#8217;UVI\u00c9U son una mazcarada urbana, estudiada n&#8217;Asturies. Una comparsa que corr\u00eda l&#8217;antroxu pidiendol&#8217;aguinald peles cais de la ciud\u00e1.<\/span><strong> L&#8217;Asociacion Cultural Mazcaritos d&#8217;Uvi\u00e9u<\/strong>, (<a href=\"https:\/\/www.instagram.com\/mazcaritos\/\">IG<\/a> \/ Facebook) que vien recuperando l&#8217;Antroxu tradicional de la ciud\u00e1 y conceyu de la capital asturiana, entama los nueve a\u00f1os d&#8217;esistencia y<strong> saluda l&#8217;aniciu del procesu de BIC, Bien d&#8217;Inter\u00e9s Cultural Inmaterial del Princip\u00e1u d&#8217;Asturies<\/strong>, con una esposici\u00f3n y unes xornaes informatives p&#8217;amosar a la ciudadan\u00eda los sos planes de futuru:<\/span><\/p>\n<p><!--more--><\/p>\n<ul>\n<li><span class=\"x193iq5w xeuugli x13faqbe x1vvkbs x1xmvt09 x1lliihq x1s928wv xhkezso x1gmr53x x1cpjm7i x1fgarty x1943h6x xudqn12 x3x7a5m x1f6kntn xvq8zen xo1l8bm xzsf02u x1yc453h\" dir=\"auto\"><strong> 1.<\/strong> El proyecto en marcha p&#8217;abrir un nuevo espaciu na redolada la Fonte Foncalada, al cabu la cai Gascona, onde arrendemos un local que tamos afaciendo pa desendolcu d&#8217;actividades culturales. <\/span><\/li>\n<li><span class=\"x193iq5w xeuugli x13faqbe x1vvkbs x1xmvt09 x1lliihq x1s928wv xhkezso x1gmr53x x1cpjm7i x1fgarty x1943h6x xudqn12 x3x7a5m x1f6kntn xvq8zen xo1l8bm xzsf02u x1yc453h\" dir=\"auto\">2.El centenariu del trabayu de la fot\u00f3grafa Ruth Matilda Anderson que pa 1925 visitara la nuesa ciud\u00e1 y ficiera semeyes del Antroxu y la Foncalada pa la Hispanic Society of America de Nueva York. <\/span><\/li>\n<li><span class=\"x193iq5w xeuugli x13faqbe x1vvkbs x1xmvt09 x1lliihq x1s928wv xhkezso x1gmr53x x1cpjm7i x1fgarty x1943h6x xudqn12 x3x7a5m x1f6kntn xvq8zen xo1l8bm xzsf02u x1yc453h\" dir=\"auto\"><span class=\"html-span xdj266r x14z9mp xat24cr x1lziwak xexx8yu xyri2b x18d9i69 x1c1uobl x1hl2dhg x16tdsg8 x1vvkbs\"><a class=\"x1i10hfl xjbqb8w x1ejq31n x18oe1m7 x1sy0etr xstzfhl x972fbf x10w94by x1qhh985 x14e42zd x9f619 x1ypdohk xt0psk2 x3ct3a4 xdj266r x14z9mp xat24cr x1lziwak xexx8yu xyri2b x18d9i69 x1c1uobl x16tdsg8 x1hl2dhg xggy1nq x1a2a7pz xkrqix3 x1sur9pj x1fey0fg x1s688f\" role=\"link\" href=\"https:\/\/l.facebook.com\/l.php?u=http%3A%2F%2F3.La%2F%3Ffbclid%3DIwZXh0bgNhZW0CMTAAYnJpZBEwakUzY3hBQUszRlRTa2FSRnNydGMGYXBwX2lkEDIyMjAzOTE3ODgyMDA4OTIAAR7_-YzPk5xwZNZpC2JaTCsvyN1zHjN8vNQzPEWTh17-krL1odJr9y6YvJCcmw_aem_TZfVBtEmdGJhq8ipfr5H-w&amp;h=AT1JyRiepicVQU7_zcKk-VjLxfQ9D6yYqEH3Qk5T-5MLjqBMcguH7Pk0YCsdcRMm48mXZ6ohEBrpXazaV9D4a0XKMY_32NeOoLWHbLG3m5Igy5ZpE_L3TdtbyUzidTbzqlj8UqB9-qgaLQ3Le1Dkp_nnnrhv5A&amp;__tn__=-UK-y-R&amp;c[0]=AT0prw8Z2_BH4MJTCetOLZp2MJj3YWbo35ujBWptOLBWahcY0W90rdAUCsCX3fCHiV_yMhhp_b1WC7GAgapd3lwACSfd0tUVTGMgKlWJHNUKzxXeUz5N13_pnOoUx05UsYDgSHSOoT8ScJs5oCEAZ8EBSVQaCoCdWucY3v9r5xe9NgFVfjt85AuNQooafmHexHCfYc2O56TfWKGUtdGqhKUyIOPALwdqcecQpieyeh49LJot\" target=\"_blank\" rel=\"nofollow noopener noreferrer\">3.La<\/a><\/span> invitaci\u00f3n recien recibida del M\u00faseo Nacional de Antropolog\u00eda de Madrid qu&#8217;afita la nuesa reconocencia como mazcarada urbana nel norte d&#8217;Espa\u00f1a y abre la puerta a futures collaboraciones con entidades ya instituciones. <\/span><\/li>\n<li><span class=\"x193iq5w xeuugli x13faqbe x1vvkbs x1xmvt09 x1lliihq x1s928wv xhkezso x1gmr53x x1cpjm7i x1fgarty x1943h6x xudqn12 x3x7a5m x1f6kntn xvq8zen xo1l8bm xzsf02u x1yc453h\" dir=\"auto\">4. La participaci\u00f3n nel FIMI 2025, Festival de M\u00e1scara Ib\u00e9rica que se proxecta n&#8217;Uvi\u00e9u. <\/span><\/li>\n<li><span class=\"x193iq5w xeuugli x13faqbe x1vvkbs x1xmvt09 x1lliihq x1s928wv xhkezso x1gmr53x x1cpjm7i x1fgarty x1943h6x xudqn12 x3x7a5m x1f6kntn xvq8zen xo1l8bm xzsf02u x1yc453h\" dir=\"auto\">5. La collaboraci\u00f3n dientro del proyectu Oviedo\/Uvi\u00e9u Ciud\u00e1 Europea de la Cultura. <\/span><\/li>\n<li><span class=\"x193iq5w xeuugli x13faqbe x1vvkbs x1xmvt09 x1lliihq x1s928wv xhkezso x1gmr53x x1cpjm7i x1fgarty x1943h6x xudqn12 x3x7a5m x1f6kntn xvq8zen xo1l8bm xzsf02u x1yc453h\" dir=\"auto\">6. Asina mesmu, mientres s&#8217;arregla&#8217;l nuevu espaciu enfotamonos a facer actividaes pala ne\u00f1ez y moced\u00e1 en centros sociales, colexos ya Institutos de la Ciud\u00e1 y recoyer memoria oral de persones mayores, al empar que trabayamos en la preparaci\u00f3n del Antroxu del a\u00f1o <span class=\"html-span xdj266r x14z9mp xat24cr x1lziwak xexx8yu xyri2b x18d9i69 x1c1uobl x1hl2dhg x16tdsg8 x1vvkbs\"><a class=\"x1i10hfl xjbqb8w x1ejq31n x18oe1m7 x1sy0etr xstzfhl x972fbf x10w94by x1qhh985 x14e42zd x9f619 x1ypdohk xt0psk2 x3ct3a4 xdj266r x14z9mp xat24cr x1lziwak xexx8yu xyri2b x18d9i69 x1c1uobl x16tdsg8 x1hl2dhg xggy1nq x1a2a7pz xkrqix3 x1sur9pj x1fey0fg x1s688f\" role=\"link\" href=\"http:\/\/2026.Pa\/?fbclid=IwZXh0bgNhZW0CMTAAYnJpZBEwakUzY3hBQUszRlRTa2FSRnNydGMGYXBwX2lkEDIyMjAzOTE3ODgyMDA4OTIAAR45yf9j63BzZrk-ejgKVHJ-BnGN0tCSE69V5S0RFLK-YYamLxl6nkFzcfFf2g_aem_rsoKMpqCzgblsYdP4M4xmw\" target=\"_blank\" rel=\"nofollow noopener noreferrer\">2026.Pa<\/a><\/span> too ello ye menester que nos conozca meyor la ciudadan\u00eda y participe de les nueses actividaes, y poro facemos estex xornaes d&#8217;alcuentru nel Cibercentro La Lila cola esposici\u00f3n de <strong>semeyes d&#8217;Elena de la Puente<\/strong> y la recreaci\u00f3n de perxonases del Antroxu. Asina mesmu va haber una xornada pa families, pola amor d&#8217;implicales y ampliar la nuesa base social.<\/span><\/li>\n<\/ul>\n<p style=\"text-align: center\">\n<!-- iframe plugin v.6.0 wordpress.org\/plugins\/iframe\/ -->\n<iframe loading=\"lazy\" src=\"https:\/\/www.facebook.com\/plugins\/post.php?href=https%3A%2F%2Fwww.facebook.com%2Fphoto.php%3Ffbid%3D3759722684165195%26set%3Da.256801087790723%26type%3D3&#038;show_text=false&#038;width=500\" width=\"500\" height=\"677\" style=\"border:none;overflow:hidden\" scrolling=\"no\" frameborder=\"0\" allowfullscreen=\"true\" allow=\"autoplay; clipboard-write; encrypted-media; picture-in-picture; web-share\" 0=\"\/iframe\" class=\"iframe-class\"><\/iframe>\n<\/p>\n","protected":false},"excerpt":{"rendered":"<p>Los MAZCARITOS D&#8217;UVI\u00c9U son una mazcarada urbana, estudiada n&#8217;Asturies. Una comparsa que corr\u00eda l&#8217;antroxu pidiendol&#8217;aguinald peles cais de la ciud\u00e1. L&#8217;Asociacion Cultural Mazcaritos d&#8217;Uvi\u00e9u, (IG \/ Facebook) que vien recuperando l&#8217;Antroxu tradicional de la ciud\u00e1 y conceyu de la capital asturiana, entama los nueve a\u00f1os d&#8217;esistencia y saluda l&#8217;aniciu del procesu de BIC, Bien d&#8217;Inter\u00e9s [&hellip;]<\/p>\n","protected":false},"author":117,"featured_media":0,"comment_status":"closed","ping_status":"closed","sticky":false,"template":"","format":"standard","meta":{"footnotes":""},"categories":[333,103],"tags":[],"class_list":["post-63988","post","type-post","status-publish","format-standard","hentry","category-bic-bien-dinteres-cultural","category-mazcaraes"],"_links":{"self":[{"href":"https:\/\/edublog.educastur.es\/ixuxu\/wp-json\/wp\/v2\/posts\/63988","targetHints":{"allow":["GET"]}}],"collection":[{"href":"https:\/\/edublog.educastur.es\/ixuxu\/wp-json\/wp\/v2\/posts"}],"about":[{"href":"https:\/\/edublog.educastur.es\/ixuxu\/wp-json\/wp\/v2\/types\/post"}],"author":[{"embeddable":true,"href":"https:\/\/edublog.educastur.es\/ixuxu\/wp-json\/wp\/v2\/users\/117"}],"replies":[{"embeddable":true,"href":"https:\/\/edublog.educastur.es\/ixuxu\/wp-json\/wp\/v2\/comments?post=63988"}],"version-history":[{"count":4,"href":"https:\/\/edublog.educastur.es\/ixuxu\/wp-json\/wp\/v2\/posts\/63988\/revisions"}],"predecessor-version":[{"id":64016,"href":"https:\/\/edublog.educastur.es\/ixuxu\/wp-json\/wp\/v2\/posts\/63988\/revisions\/64016"}],"wp:attachment":[{"href":"https:\/\/edublog.educastur.es\/ixuxu\/wp-json\/wp\/v2\/media?parent=63988"}],"wp:term":[{"taxonomy":"category","embeddable":true,"href":"https:\/\/edublog.educastur.es\/ixuxu\/wp-json\/wp\/v2\/categories?post=63988"},{"taxonomy":"post_tag","embeddable":true,"href":"https:\/\/edublog.educastur.es\/ixuxu\/wp-json\/wp\/v2\/tags?post=63988"}],"curies":[{"name":"wp","href":"https:\/\/api.w.org\/{rel}","templated":true}]}}