{"id":63994,"date":"2025-12-18T09:30:34","date_gmt":"2025-12-18T07:30:34","guid":{"rendered":"https:\/\/edublog.educastur.es\/ixuxu\/?p=63994"},"modified":"2025-12-18T22:25:36","modified_gmt":"2025-12-18T20:25:36","slug":"asturies-algama-los-dos-millones-de-pasaxeros-anales-nel-aeropuertu","status":"publish","type":"post","link":"https:\/\/edublog.educastur.es\/ixuxu\/2025\/12\/asturies-algama-los-dos-millones-de-pasaxeros-anales-nel-aeropuertu\/","title":{"rendered":"Asturies algama los dos millones de pasaxeros a\u00f1ales nel aeropuertu"},"content":{"rendered":"<div class=\"html-div xdj266r xat24cr x1lziwak xexx8yu xyri2b x18d9i69 x1c1uobl x78zum5 x2lah0s xqtp20y x1xegmmw\">\n<div class=\"xc9qbxq x1td3qas x6s0dn4 x78zum5 xl56j7k\">\n<div class=\"\" style=\"text-align: center\"><\/div>\n<div style=\"text-align: center\"><a href=\"https:\/\/actualidad.asturias.es\/documents\/537115\/2988804\/2025_12_18+Presidente+Principado+Pasajero+dos+millones+%282%29.jpg\/4e9c6f72-b59e-f0ac-a593-cee9972cba23?t=1766057191406\"><img loading=\"lazy\" decoding=\"async\" class=\"aligncenter size-large\" src=\"https:\/\/actualidad.asturias.es\/documents\/537115\/2988804\/2025_12_18+Presidente+Principado+Pasajero+dos+millones+%282%29.jpg\/4e9c6f72-b59e-f0ac-a593-cee9972cba23?t=1766057191406\" width=\"4000\" height=\"2614\" \/><\/a><\/div>\n<\/div>\n<\/div>\n<div class=\"html-div xdj266r x14z9mp xat24cr x1lziwak xexx8yu xyri2b x18d9i69 x1c1uobl x1iyjqo2 xeuugli\">\n<div class=\"x78zum5 xdt5ytf xz62fqu x16ldp7u\">\n<div class=\"xu06os2 x1ok221b\">\n<p><span class=\"x78zum5 x1q0g3np\"><span class=\"x1lliihq x6ikm8r x10wlt62 x1n2onr6 xlyipyv xuxw1ft\"><span class=\"xt0psk2\"><span class=\"xjp7ctv\"><a class=\"x1i10hfl xjbqb8w x1ejq31n x18oe1m7 x1sy0etr xstzfhl x972fbf x10w94by x1qhh985 x14e42zd x9f619 x1ypdohk xt0psk2 x3ct3a4 xdj266r x14z9mp xat24cr x1lziwak xexx8yu xyri2b x18d9i69 x1c1uobl x16tdsg8 x1hl2dhg xggy1nq x1a2a7pz xkrqix3 x1sur9pj xzsf02u x1s688f\" role=\"link\" href=\"https:\/\/www.facebook.com\/gobiernodeasturias?__cft__[0]=AZa7hDqjo8iN6zdolHdWLbSezZLn8YB0CSAlH73AcxPnfMDbJsJxiKJ7HOMhVbiAaiW4zjxqWG7Y5gTPIILNGOEW_Y17P1wa_8hBytUzyqPSnGHyIvMCpY200nBEhkxIMAHTorCLJJ12_mF944_jfA2OPfDwj6kFfeUV4xW9CIt5KIGAbbsT7OYa-tZULbWn7HusIvhnn3XrIyGag5xOImTA&amp;__tn__=-UC%2CP-y-R\"><b class=\"html-b xdj266r x14z9mp xat24cr x1lziwak xexx8yu xyri2b x18d9i69 x1c1uobl x1hl2dhg x16tdsg8 x1vvkbs x1s688f\"><span class=\"html-span xdj266r x14z9mp xat24cr x1lziwak xexx8yu xyri2b x18d9i69 x1c1uobl x1hl2dhg x16tdsg8 x1vvkbs\">Principado de Asturias<\/span><\/b><\/a> <\/span><\/span><\/span><\/span><span class=\"html-span xexx8yu xyri2b x18d9i69 x1c1uobl x1hl2dhg x16tdsg8 x1vvkbs x3nfvp2 x1j61x8r x1fcty0u xdj266r xat24cr xm2jcoa x1mpyi22 xxymvpz xlup9mm x1kky2od\"><img loading=\"lazy\" decoding=\"async\" class=\"xz74otr x15mokao x1ga7v0g x16uus16 xbiv7yw\" src=\"https:\/\/static.xx.fbcdn.net\/images\/emoji.php\/v9\/ta\/1\/16\/1f4fd.png\" alt=\"\ud83d\udcfd\ufe0f\" width=\"16\" height=\"16\" \/><span class=\"html-span xexx8yu xyri2b x18d9i69 x1c1uobl x1hl2dhg x16tdsg8 x1vvkbs x3nfvp2 x1j61x8r x1fcty0u xdj266r xat24cr xm2jcoa x1mpyi22 xxymvpz xlup9mm x1kky2od\"><img loading=\"lazy\" decoding=\"async\" class=\"xz74otr x15mokao x1ga7v0g x16uus16 xbiv7yw\" src=\"https:\/\/static.xx.fbcdn.net\/images\/emoji.php\/v9\/t20\/1\/16\/2b07.png\" alt=\"\u2b07\ufe0f\" width=\"16\" height=\"16\" \/>Asturies algama los dos millones de pasaxeros a\u00f1ales nel aeropuertu, un finxu hist\u00f3ricu que reflexa&#8217;l reblinc\u00f3n calidable nes comunicaciones. En 2026 va poder volase dende Asturies a 30 destinos, 11 d&#8217;ellos internacionales<\/span><\/span>. <a href=\"https:\/\/actualidad.asturias.es\/-\/asturias-alcanza-los-dos-millones-de-pasajeros-anuales-en-el-aeropuerto-un-hito-hist%C3%B3rico-que-refleja-el-gran-salto-de-calidad-en-las-comunicaciones?redirect=%2Fnoticias\">Actualid\u00e1<\/a> \/ <span class=\"html-span xdj266r x14z9mp xat24cr x1lziwak xexx8yu xyri2b x18d9i69 x1c1uobl x1hl2dhg x16tdsg8 x1vvkbs\"><a class=\"x1i10hfl xjbqb8w x1ejq31n x18oe1m7 x1sy0etr xstzfhl x972fbf x10w94by x1qhh985 x14e42zd x9f619 x1ypdohk xt0psk2 x3ct3a4 xdj266r x14z9mp xat24cr x1lziwak xexx8yu xyri2b x18d9i69 x1c1uobl x16tdsg8 x1hl2dhg xggy1nq x1a2a7pz xkrqix3 x1sur9pj x1fey0fg x1s688f\" role=\"link\" href=\"https:\/\/www.facebook.com\/hashtag\/aeropuertodeasturias?__eep__=6&amp;__cft__[0]=AZam-ITGhJSun-cJIhluCT-CtYVrL-t84SrrG4GQZ4IWYO51aMklV9Xhqt-7pJ44rEXHoezMWWzsLHWChHmpnLcj_j2jO-vfctnNjHHjaQdyZQj-r0yYWGtqpQASEwsQp93bXqpxureJVbU3SoftBb18_lmco7yp49-vuzqp7gQTn_N92CGyXfn8tHYeFyuHF1tznKkO1CwelNMKM0IAg3GO&amp;__tn__=*NK-y-R\">#AeropuertodeAsturias<\/a> <\/span><\/p>\n<p><!--more--><\/p>\n<p style=\"text-align: center\">\n<!-- iframe plugin v.6.0 wordpress.org\/plugins\/iframe\/ -->\n<iframe loading=\"lazy\" src=\"https:\/\/www.facebook.com\/plugins\/video.php?height=314&#038;href=https%3A%2F%2Fwww.facebook.com%2Freel%2F1184726200441932%2F&#038;show_text=false&#038;width=560&#038;t=0\" width=\"560\" height=\"314\" style=\"border:none;overflow:hidden\" scrolling=\"no\" frameborder=\"0\" allowfullscreen=\"true\" allow=\"autoplay; clipboard-write; encrypted-media; picture-in-picture; web-share\" 0=\"\/iframe\" class=\"iframe-class\"><\/iframe>\n<\/p>\n<p>L&#8217;aeropuertu de Santiago del Monte algam\u00f3 per primer vegada na hestoria los dos millones de pasaxeros a\u00f1ales, un finxu que reflexa&#8217;l reblinc\u00f3n calidable nes comunicaciones y l&#8217;afitamientu de l&#8217;Asturies hiperconect\u00e1. La Estratexa de Conectividad A\u00e9rea esplegada pol Gobiernu del Princip\u00e1u llogr\u00f3 doblar la ufierta de vuelos directos na terminal dende 2019, al pasar de 14 a 30. La programaci\u00f3n para 2026 y\u00e1 incl\u00fai 30 destinos en nueve pa\u00edses que van operar siquier siete aeroll\u00ednees.<\/p>\n<p style=\"text-align: center\">\n<!-- iframe plugin v.6.0 wordpress.org\/plugins\/iframe\/ -->\n<iframe loading=\"lazy\" src=\"https:\/\/www.facebook.com\/plugins\/video.php?height=314&#038;href=https%3A%2F%2Fwww.facebook.com%2Freel%2F803274186005772%2F&#038;show_text=false&#038;width=560&#038;t=0\" width=\"560\" height=\"314\" style=\"border:none;overflow:hidden\" scrolling=\"no\" frameborder=\"0\" allowfullscreen=\"true\" allow=\"autoplay; clipboard-write; encrypted-media; picture-in-picture; web-share\" 0=\"\/iframe\" class=\"iframe-class\"><\/iframe>\n<\/p>\n<p>\u2022La ufierta prevista va dexar llegar a m\u00e1s de 250 puntos de too el mundu con facturaci\u00f3n directa dende Santiago del Monte.<\/p>\n<p style=\"text-align: center\"><a href=\"https:\/\/pbs.twimg.com\/media\/G8cXaYTXcAAduWP?format=jpg&amp;name=large\"><img loading=\"lazy\" decoding=\"async\" class=\"aligncenter \" src=\"https:\/\/pbs.twimg.com\/media\/G8cXaYTXcAAduWP?format=jpg&amp;name=large\" width=\"692\" height=\"1230\" \/><\/a><\/p>\n<\/div>\n<\/div>\n<\/div>\n<p>&nbsp;<\/p>\n","protected":false},"excerpt":{"rendered":"<p>Principado de Asturias Asturies algama los dos millones de pasaxeros a\u00f1ales nel aeropuertu, un finxu hist\u00f3ricu que reflexa&#8217;l reblinc\u00f3n calidable nes comunicaciones. En 2026 va poder volase dende Asturies a 30 destinos, 11 d&#8217;ellos internacionales. Actualid\u00e1 \/ #AeropuertodeAsturias<\/p>\n","protected":false},"author":117,"featured_media":0,"comment_status":"closed","ping_status":"closed","sticky":false,"template":"","format":"standard","meta":{"footnotes":""},"categories":[232],"tags":[],"class_list":["post-63994","post","type-post","status-publish","format-standard","hentry","category-tresportes"],"_links":{"self":[{"href":"https:\/\/edublog.educastur.es\/ixuxu\/wp-json\/wp\/v2\/posts\/63994","targetHints":{"allow":["GET"]}}],"collection":[{"href":"https:\/\/edublog.educastur.es\/ixuxu\/wp-json\/wp\/v2\/posts"}],"about":[{"href":"https:\/\/edublog.educastur.es\/ixuxu\/wp-json\/wp\/v2\/types\/post"}],"author":[{"embeddable":true,"href":"https:\/\/edublog.educastur.es\/ixuxu\/wp-json\/wp\/v2\/users\/117"}],"replies":[{"embeddable":true,"href":"https:\/\/edublog.educastur.es\/ixuxu\/wp-json\/wp\/v2\/comments?post=63994"}],"version-history":[{"count":5,"href":"https:\/\/edublog.educastur.es\/ixuxu\/wp-json\/wp\/v2\/posts\/63994\/revisions"}],"predecessor-version":[{"id":64011,"href":"https:\/\/edublog.educastur.es\/ixuxu\/wp-json\/wp\/v2\/posts\/63994\/revisions\/64011"}],"wp:attachment":[{"href":"https:\/\/edublog.educastur.es\/ixuxu\/wp-json\/wp\/v2\/media?parent=63994"}],"wp:term":[{"taxonomy":"category","embeddable":true,"href":"https:\/\/edublog.educastur.es\/ixuxu\/wp-json\/wp\/v2\/categories?post=63994"},{"taxonomy":"post_tag","embeddable":true,"href":"https:\/\/edublog.educastur.es\/ixuxu\/wp-json\/wp\/v2\/tags?post=63994"}],"curies":[{"name":"wp","href":"https:\/\/api.w.org\/{rel}","templated":true}]}}